{"id":639,"date":"2024-08-21T15:45:00","date_gmt":"2024-08-21T15:45:00","guid":{"rendered":"https:\/\/eaf-pfalz.de\/?p=639"},"modified":"2024-08-28T15:50:11","modified_gmt":"2024-08-28T15:50:11","slug":"workshop-medienerziehung-eltern-staerken-und-begleiten","status":"publish","type":"post","link":"https:\/\/eaf-pfalz.de\/?p=639","title":{"rendered":"Online-Workshop Medienerziehung: Eltern st\u00e4rken und begleiten"},"content":{"rendered":"\n<p>Wir laden Sie herzlich zu unserem Workshop <strong>Medienerziehung: Eltern st\u00e4rken und begleiten <\/strong>am <strong>23. September<\/strong> von <strong>09:00-12:00 Uhr <\/strong>ein.<\/p>\n\n\n\n<p><strong>23. September 2024, 9:00-12:00 Uhr<\/strong><br><strong>Ab 8:30 Uhr: Check-in auf der Videoplattform Zoom<\/strong><\/p>\n\n\n\n<p>Digitale Medien pr\u00e4gen das Aufwachsen von Kindern auf ganz unterschiedliche Weise. Den Eltern kommt hierbei eine Schl\u00fcsselrolle zu. Sie sind Vorbilder, setzen durch ihre Medienerziehung einen Rahmen und k\u00f6nnen durch Gespr\u00e4che die Mediennutzung ihrer Kinder begleiten. Jedoch f\u00fchlen sich viele Eltern bei dieser Aufgabe unsicher oder m\u00fcssen in ihrer Verantwortungs\u00fcbernahme noch gest\u00e4rkt werden.&nbsp;<\/p>\n\n\n\n<p>Wie Eltern ihre medienerzieherischen Aufgaben wahrnehmen, ber\u00fchrt uns daher auch als p\u00e4dagogische Fachkr\u00e4fte. In dem Workshop erfahren Sie vor diesem Hintergrund Wissenswertes \u00fcber die Nutzung von digitalen Medien in der Kindheit. Gemeinsam diskutieren wir \u00fcber den Zusammenhang zwischen Familie und Medien und reflektieren, wie wir Eltern bei ihrer Medienerziehung p\u00e4dagogisch begleiten k\u00f6nnen.&nbsp;<\/p>\n\n\n\n<p><strong>Dozentin<\/strong>: Dr. Lena Rosenkranz<strong>,<\/strong> Dipl. P\u00e4dagogin, zertifizierte Elternbegleiterin, Projektkoordinatorin im Bundesprogramm ElternChanceN (DRK KiJu Hamburg), Forschungst\u00e4tigkeit und Praxiserfahrung im Bereich Medienp\u00e4dagogik<\/p>\n\n\n\n<p>Mehr Informationen und das Anmeldeformular finden Sie hier:<br><a href=\"https:\/\/www.eaf-bund.de\/service\/veranstaltungen\/2024-09-23-medienerziehung-eltern-staerken-und-begleiten-k-o-14\">https:\/\/www.eaf-bund.de\/service\/veranstaltungen\/2024-09-23-medienerziehung-eltern-staerken-und-begleiten-k-o-14<\/a><\/p>\n","protected":false},"excerpt":{"rendered":"<p>Wir laden Sie herzlich zu unserem Workshop Medienerziehung: Eltern st\u00e4rken und begleiten am 23. September von 09:00-12:00 Uhr ein. 23.<\/p>\n","protected":false},"author":1,"featured_media":641,"comment_status":"closed","ping_status":"open","sticky":false,"template":"","format":"standard","meta":{"colormag_page_container_layout":"default_layout","colormag_page_sidebar_layout":"default_layout","footnotes":""},"categories":[13,6,27,7,39],"tags":[92],"class_list":["post-639","post","type-post","status-publish","format-standard","has-post-thumbnail","hentry","category-digital","category-eaf-bund","category-online","category-veranstaltung","category-workshop","tag-medienerziehung"],"_links":{"self":[{"href":"https:\/\/eaf-pfalz.de\/index.php?rest_route=\/wp\/v2\/posts\/639","targetHints":{"allow":["GET"]}}],"collection":[{"href":"https:\/\/eaf-pfalz.de\/index.php?rest_route=\/wp\/v2\/posts"}],"about":[{"href":"https:\/\/eaf-pfalz.de\/index.php?rest_route=\/wp\/v2\/types\/post"}],"author":[{"embeddable":true,"href":"https:\/\/eaf-pfalz.de\/index.php?rest_route=\/wp\/v2\/users\/1"}],"replies":[{"embeddable":true,"href":"https:\/\/eaf-pfalz.de\/index.php?rest_route=%2Fwp%2Fv2%2Fcomments&post=639"}],"version-history":[{"count":3,"href":"https:\/\/eaf-pfalz.de\/index.php?rest_route=\/wp\/v2\/posts\/639\/revisions"}],"predecessor-version":[{"id":644,"href":"https:\/\/eaf-pfalz.de\/index.php?rest_route=\/wp\/v2\/posts\/639\/revisions\/644"}],"wp:featuredmedia":[{"embeddable":true,"href":"https:\/\/eaf-pfalz.de\/index.php?rest_route=\/wp\/v2\/media\/641"}],"wp:attachment":[{"href":"https:\/\/eaf-pfalz.de\/index.php?rest_route=%2Fwp%2Fv2%2Fmedia&parent=639"}],"wp:term":[{"taxonomy":"category","embeddable":true,"href":"https:\/\/eaf-pfalz.de\/index.php?rest_route=%2Fwp%2Fv2%2Fcategories&post=639"},{"taxonomy":"post_tag","embeddable":true,"href":"https:\/\/eaf-pfalz.de\/index.php?rest_route=%2Fwp%2Fv2%2Ftags&post=639"}],"curies":[{"name":"wp","href":"https:\/\/api.w.org\/{rel}","templated":true}]}}