{"id":646,"date":"2024-08-28T15:56:15","date_gmt":"2024-08-28T15:56:15","guid":{"rendered":"https:\/\/eaf-pfalz.de\/?p=646"},"modified":"2024-08-28T15:56:15","modified_gmt":"2024-08-28T15:56:15","slug":"was-wuenschen-sich-kinder-von-der-ganztagsschule","status":"publish","type":"post","link":"https:\/\/eaf-pfalz.de\/?p=646","title":{"rendered":"Was w\u00fcnschen sich Kinder von der Ganztagsschule?"},"content":{"rendered":"\n<p><strong>Sie soll qualifizierte Bildung und Betreuung bieten, Chancengleichheit sicherstellen und Armut bek\u00e4mpfen, die Vereinbarkeit von Familie und Beruf endlich erm\u00f6glichen und obendrein Stadtviertel und Gemeinden aufwerten: die Ganztagsschule. Mit derlei Erwartungen beladen und von vielen Seiten vereinnahmt, droht die Ganztagsschule jene aus dem Blick zu verlieren, f\u00fcr die sie eigentlich da sein sollte: die Kinder. Dass das nicht passiert, daf\u00fcr setzt sich die Arbeitsgemeinschaft der Familienorganisationen in Rheinland-Pfalz (AGF) ein, zu der auch die evangelische Arbeitsgemeinschaft Familie (eaf) geh\u00f6rt.<\/strong><\/p>\n\n\n\n<p>Ab dem Schuljahr 2026\/27 hat jedes Erstkl\u00e4sserkind einen Rechtsanspruch auf acht Stunden Ganztagsbetreuung an der Schule. Die AGF hat deshalb 35 Kinder in vier rheinland-pf\u00e4lzischen Grundschulen, die schon Ganztagsangebote haben, in Malinterviews gefragt, wie sie sich ihre Ganztagsschule w\u00fcnschen.<\/p>\n\n\n\n<p>Auf einem Fachtag am Mittwoch, 4. September, stellt die AGF in Mainz die Ergebnisse vor. \u201eOhne vorab zu viel zu verraten: Kinder, die Hausaufgaben erledigen, waren auf keinem einzigen Bild zu sehen\u201c, sagt Ute Dettweiler, Vorstandsmitglied der eaf, Landesarbeitskreis Pfalz. Bewegung und naturnahes Erleben, experimentieren und entdecken, R\u00e4ume zum Chillen und Zur\u00fcckziehen: Das w\u00fcnschten sich die Kinder unter anderem.&nbsp; \u201eWir haben in den Bildern viele tolle Ideen gesehen, die die Bed\u00fcrfnisse der Kinder widerspiegeln und sich gut in die derzeitige Planungsphase f\u00fcr die Ganztagsgrundschule einbauen lassen\u201c, sagt Dettweiler.<\/p>\n\n\n\n<p>Als Lobby f\u00fcr Familien ist es der eaf wichtig, dass Familien entlastet werden. \u201eDa ist die Ganztagsschule eine gro\u00dfe Chance. Aber wir reagieren schon ein bisschen allergisch, wenn der Fokus bei familienpolitischen Vorhaben auf der besseren Verf\u00fcgbarkeit von Arbeitskr\u00e4ften liegt statt darauf, wie der Familienalltag gut gelingen kann und es allen gut geht\u201c, macht Dettweiler deutlich. Und Familien ginge es besser, wenn alle nach einem anstrengenden und anregenden Tag eine stressfreie gemeinsame Familienzeit erleben k\u00f6nnten \u2013 ohne Hausaufgaben und andere schulische Verpflichtungen.<\/p>\n\n\n\n<p>Qualifizierte Fachkr\u00e4fte, eine gute Infrastruktur und Konzepte, die die Akteure vor Ort einbeziehen nennt Dettweiler als Voraussetzungen f\u00fcr gelingende Ganztagsschulen.&nbsp; Hier sieht Dettweiler, hauptberuflich Referentin f\u00fcr Familienbildung in der Evangelischen Arbeitsstelle Bildung und Gesellschaft, auch eine gro\u00dfe Chance f\u00fcr Kirchengemeinden und -gruppen, Vereine und Verb\u00e4nde. \u201eDas sind wir als Kirche aktiv gefragt, in den Dialog mit der Kommune zu gehen und zu sagen: Hier, uns gibt es auch noch und wir m\u00f6chten uns mit Ideen und qualifizierten Fachkr\u00e4ften in eure Ganztagsschule einbringen, wenn die Finanzierung gesichert ist.\u201c&nbsp; Eine Kinderbibelwoche m\u00fcsse nicht immer exklusiv stattfinden. \u201eVielleicht k\u00f6nnte man daraus auch ein multikulturelles Angebot zur Wertevermittlung entwickeln und in das Nachmittagsprogramm der Ganztagsschule integrieren, hat Dettweiler gleich ein Beispiel parat.<\/p>\n\n\n\n<p><strong>Weitere Infos: <\/strong>Das ganze Interview lesen Sie <strong><a href=\"https:\/\/www.evkirchepfalz.de\/fileadmin\/public\/internet\/01_aktuelles\/Pressebilder\/2024\/20240826_Ganztagesschule_Interview_Ute_Dettweiler.pdf\">hier<\/a>.<\/strong><\/p>\n\n\n\n<p><strong>Hinweis: <\/strong>Es sind noch Anmeldungen (siehe <a href=\"https:\/\/www.evkirchepfalz.de\/fileadmin\/public\/internet\/01_aktuelles\/Pressebilder\/2024\/20240826_Ganztagesschule_Einladung_AGF_Fachgespraech.pdf\" target=\"_blank\" rel=\"noreferrer noopener\">Programm<\/a>) m\u00f6glich! Bitte melden Sie sich mit Namen und Bezeichnung Ihrer Organisation bis 29.08.2024 unter <a href=\"https:\/\/www.evkirchepfalz.de\/aktuelles-und-presse\/pressemeldungen\/detail\/was-wuenschen-sich-kinder-von-der-ganztagsschule\/#\">info@vamv-rlp.de<\/a> an. Sie erhalten eine Anmeldebest\u00e4tigung per E-Mail.<\/p>\n","protected":false},"excerpt":{"rendered":"<p>Sie soll qualifizierte Bildung und Betreuung bieten, Chancengleichheit sicherstellen und Armut bek\u00e4mpfen, die Vereinbarkeit von Familie und Beruf endlich erm\u00f6glichen<\/p>\n","protected":false},"author":1,"featured_media":648,"comment_status":"closed","ping_status":"open","sticky":false,"template":"","format":"standard","meta":{"colormag_page_container_layout":"default_layout","colormag_page_sidebar_layout":"default_layout","footnotes":""},"categories":[86,47,5],"tags":[],"class_list":["post-646","post","type-post","status-publish","format-standard","has-post-thumbnail","hentry","category-agf","category-eaf-pfalz","category-pressemitteilung"],"_links":{"self":[{"href":"https:\/\/eaf-pfalz.de\/index.php?rest_route=\/wp\/v2\/posts\/646","targetHints":{"allow":["GET"]}}],"collection":[{"href":"https:\/\/eaf-pfalz.de\/index.php?rest_route=\/wp\/v2\/posts"}],"about":[{"href":"https:\/\/eaf-pfalz.de\/index.php?rest_route=\/wp\/v2\/types\/post"}],"author":[{"embeddable":true,"href":"https:\/\/eaf-pfalz.de\/index.php?rest_route=\/wp\/v2\/users\/1"}],"replies":[{"embeddable":true,"href":"https:\/\/eaf-pfalz.de\/index.php?rest_route=%2Fwp%2Fv2%2Fcomments&post=646"}],"version-history":[{"count":1,"href":"https:\/\/eaf-pfalz.de\/index.php?rest_route=\/wp\/v2\/posts\/646\/revisions"}],"predecessor-version":[{"id":647,"href":"https:\/\/eaf-pfalz.de\/index.php?rest_route=\/wp\/v2\/posts\/646\/revisions\/647"}],"wp:featuredmedia":[{"embeddable":true,"href":"https:\/\/eaf-pfalz.de\/index.php?rest_route=\/wp\/v2\/media\/648"}],"wp:attachment":[{"href":"https:\/\/eaf-pfalz.de\/index.php?rest_route=%2Fwp%2Fv2%2Fmedia&parent=646"}],"wp:term":[{"taxonomy":"category","embeddable":true,"href":"https:\/\/eaf-pfalz.de\/index.php?rest_route=%2Fwp%2Fv2%2Fcategories&post=646"},{"taxonomy":"post_tag","embeddable":true,"href":"https:\/\/eaf-pfalz.de\/index.php?rest_route=%2Fwp%2Fv2%2Ftags&post=646"}],"curies":[{"name":"wp","href":"https:\/\/api.w.org\/{rel}","templated":true}]}}