{"id":653,"date":"2024-09-05T21:37:31","date_gmt":"2024-09-05T21:37:31","guid":{"rendered":"https:\/\/eaf-pfalz.de\/?p=653"},"modified":"2024-09-11T21:39:01","modified_gmt":"2024-09-11T21:39:01","slug":"online-fortbildung-gruppendynamik-in-eltern-kind-gruppen","status":"publish","type":"post","link":"https:\/\/eaf-pfalz.de\/?p=653","title":{"rendered":"Online-Fortbildung: Gruppendynamik in Eltern-Kind-Gruppen"},"content":{"rendered":"\n<p>Wir laden alle Interessierte ein, die bereits eine Eltern-Kind-Gruppe leiten, noch in den Anf\u00e4ngen stecken oder eine gr\u00fcnden m\u00f6chten zur<\/p>\n\n\n\n<p><strong>Online-Fortbildung: Gruppendynamik in Eltern-Kind-Gruppen <\/strong>mit Fokus auf die Gruppenleitung &#8211; Haltung, Rolle und Aufgaben <br>am <strong>1.<\/strong> <strong>Oktober 2024, 13:00 &#8211; 16:00 Uhr<\/strong><\/p>\n\n\n\n<p>Tauchen Sie ein in die spannende Welt der Gruppendynamik und entdecken Sie, wie Sie als Gruppenleitung Ihre Rolle optimal gestalten k\u00f6nnen! In dieser Fortbildung besch\u00e4ftigen wir uns intensiv mit den Phasen der Gruppendynamik und deren Bedeutung f\u00fcr die Leitung von Eltern-Kind-Gruppen.<\/p>\n\n\n\n<p><strong>Was erwartet Sie?<\/strong><\/p>\n\n\n\n<ul class=\"wp-block-list\">\n<li>Verst\u00e4ndnis der Gruppendynamik: Lernen Sie die verschiedenen Phasen der Gruppendynamik kennen und erfahren Sie, wie diese Prozesse in Eltern-Kind-Gruppen ablaufen.<\/li>\n\n\n\n<li>Rolle und Haltung der Gruppenleitung: Erfahren Sie, wie Ihre Haltung und Rolle als Gruppenleitung die Dynamik und den Erfolg der Gruppe beeinflussen.<\/li>\n\n\n\n<li>Interaktiver Ansatz: Sie werden aktiv in die Fortbildung einbezogen und arbeiten gemeinsam in der Gruppe an praktischen Beispielen und \u00dcbungen.<\/li>\n<\/ul>\n\n\n\n<ol start=\"1\" class=\"wp-block-list\"><\/ol>\n\n\n\n<p>Mehr Informationen und das Anmeldeformular finden Sie hier: <br><a href=\"https:\/\/www.eaf-bund.de\/service\/veranstaltungen\/2024-10-01-online-fortbildung-fuer-eltern-kind-gruppenleiterinnen-k-o153\">https:\/\/www.eaf-bund.de\/service\/veranstaltungen\/2024-10-01-online-fortbildung-fuer-eltern-kind-gruppenleiterinnen-k-o153<\/a><\/p>\n","protected":false},"excerpt":{"rendered":"<p>Wir laden alle Interessierte ein, die bereits eine Eltern-Kind-Gruppe leiten, noch in den Anf\u00e4ngen stecken oder eine gr\u00fcnden m\u00f6chten zur<\/p>\n","protected":false},"author":1,"featured_media":584,"comment_status":"closed","ping_status":"open","sticky":false,"template":"","format":"standard","meta":{"colormag_page_container_layout":"default_layout","colormag_page_sidebar_layout":"default_layout","footnotes":""},"categories":[1],"tags":[],"class_list":["post-653","post","type-post","status-publish","format-standard","has-post-thumbnail","hentry","category-uncategorized"],"_links":{"self":[{"href":"https:\/\/eaf-pfalz.de\/index.php?rest_route=\/wp\/v2\/posts\/653","targetHints":{"allow":["GET"]}}],"collection":[{"href":"https:\/\/eaf-pfalz.de\/index.php?rest_route=\/wp\/v2\/posts"}],"about":[{"href":"https:\/\/eaf-pfalz.de\/index.php?rest_route=\/wp\/v2\/types\/post"}],"author":[{"embeddable":true,"href":"https:\/\/eaf-pfalz.de\/index.php?rest_route=\/wp\/v2\/users\/1"}],"replies":[{"embeddable":true,"href":"https:\/\/eaf-pfalz.de\/index.php?rest_route=%2Fwp%2Fv2%2Fcomments&post=653"}],"version-history":[{"count":2,"href":"https:\/\/eaf-pfalz.de\/index.php?rest_route=\/wp\/v2\/posts\/653\/revisions"}],"predecessor-version":[{"id":655,"href":"https:\/\/eaf-pfalz.de\/index.php?rest_route=\/wp\/v2\/posts\/653\/revisions\/655"}],"wp:featuredmedia":[{"embeddable":true,"href":"https:\/\/eaf-pfalz.de\/index.php?rest_route=\/wp\/v2\/media\/584"}],"wp:attachment":[{"href":"https:\/\/eaf-pfalz.de\/index.php?rest_route=%2Fwp%2Fv2%2Fmedia&parent=653"}],"wp:term":[{"taxonomy":"category","embeddable":true,"href":"https:\/\/eaf-pfalz.de\/index.php?rest_route=%2Fwp%2Fv2%2Fcategories&post=653"},{"taxonomy":"post_tag","embeddable":true,"href":"https:\/\/eaf-pfalz.de\/index.php?rest_route=%2Fwp%2Fv2%2Ftags&post=653"}],"curies":[{"name":"wp","href":"https:\/\/api.w.org\/{rel}","templated":true}]}}