{"id":656,"date":"2024-09-03T20:58:02","date_gmt":"2024-09-03T20:58:02","guid":{"rendered":"https:\/\/eaf-pfalz.de\/?p=656"},"modified":"2024-09-13T21:00:55","modified_gmt":"2024-09-13T21:00:55","slug":"online-kurs-social-media-chance-fuer-die-familienbildung-2","status":"publish","type":"post","link":"https:\/\/eaf-pfalz.de\/?p=656","title":{"rendered":"Online-Kurs \u201eSocial-Media: Chance f\u00fcr die Familienbildung\u201c"},"content":{"rendered":"\n<p>Wir laden Sie und Euch herzlich zu unserem <strong>Online-Kurs \u201eSocial-Media: Chance f\u00fcr die Familienbildung\u201c am 6. November 2024,<\/strong> von 10.00 &#8211; 14.00 Uhr ein. <br><strong>Die Veranstaltung richtet sich an alle Fachkr\u00e4fte der Familienbildung, die bereits Social-Media-Kan\u00e4le im Rahmen ihrer (\u00d6ffentlichkeits-)Arbeit nutzen.<\/strong><\/p>\n\n\n\n<p>Mit diesem Online-Kurs wollen wir \u00fcber die M\u00f6glichkeiten von Social-Media und sozialen Netzwerken informieren und die Gestaltung eines entsprechenden Kommunikationskonzepts in den Fokus r\u00fccken. Dabei wird auf die bereits gemachten Erfahrungen in den Einrichtungen zur\u00fcckgegriffen. Im Mittelpunkt des Online-Workshops steht der Erfahrungsaustausch unter den Teilnehmenden sowie die gemeinsame Weiterentwicklung bestehender Kommunikationsstrategien in Kleingruppen.<\/p>\n\n\n\n<p>Als Leitung der Veranstaltung und Referentin haben wir <strong>Leevke Sophie Denker<\/strong> (M.A.) gewinnen k\u00f6nnen.<\/p>\n\n\n\n<p>Die <strong>Teilnahmegeb\u00fchr<\/strong> f\u00fcr Mitglieder im Forum Familienbildung betr\u00e4gt 10,00 \u20ac pro Person, f\u00fcr Nichtmitglieder: 20,00 \u20ac pro Person. <br>F\u00fcr die Teilnahme ist eine verbindliche <strong>Anmeldung bis sp\u00e4testens 18. Oktober 2024<\/strong> notwendig.<br>Bitte beachten Sie, dass nur eine begrenzte Anzahl von Teilnahmepl\u00e4tzen zur Verf\u00fcgung steht.<\/p>\n\n\n\n<p><strong>Weitere Informationen und das Anmeldeformular<\/strong> finden Sie unter <a href=\"https:\/\/www.eaf-bund.de\/service\/veranstaltungen\/2024-11-06-social-media-chance-fuer-die-familienbildung-kurs-o-8\">https:\/\/www.eaf-bund.de\/service\/veranstaltungen\/2024-11-06-social-media-chance-fuer-die-familienbildung-kurs-o-8<\/a><\/p>\n","protected":false},"excerpt":{"rendered":"<p>Wir laden Sie und Euch herzlich zu unserem Online-Kurs \u201eSocial-Media: Chance f\u00fcr die Familienbildung\u201c am 6. November 2024, von 10.00<\/p>\n","protected":false},"author":1,"featured_media":385,"comment_status":"closed","ping_status":"open","sticky":false,"template":"","format":"standard","meta":{"colormag_page_container_layout":"default_layout","colormag_page_sidebar_layout":"default_layout","footnotes":""},"categories":[6,23,51,27,7,84],"tags":[60],"class_list":["post-656","post","type-post","status-publish","format-standard","has-post-thumbnail","hentry","category-eaf-bund","category-familienbildung","category-information","category-online","category-veranstaltung","category-webinar","tag-social-media"],"_links":{"self":[{"href":"https:\/\/eaf-pfalz.de\/index.php?rest_route=\/wp\/v2\/posts\/656","targetHints":{"allow":["GET"]}}],"collection":[{"href":"https:\/\/eaf-pfalz.de\/index.php?rest_route=\/wp\/v2\/posts"}],"about":[{"href":"https:\/\/eaf-pfalz.de\/index.php?rest_route=\/wp\/v2\/types\/post"}],"author":[{"embeddable":true,"href":"https:\/\/eaf-pfalz.de\/index.php?rest_route=\/wp\/v2\/users\/1"}],"replies":[{"embeddable":true,"href":"https:\/\/eaf-pfalz.de\/index.php?rest_route=%2Fwp%2Fv2%2Fcomments&post=656"}],"version-history":[{"count":1,"href":"https:\/\/eaf-pfalz.de\/index.php?rest_route=\/wp\/v2\/posts\/656\/revisions"}],"predecessor-version":[{"id":657,"href":"https:\/\/eaf-pfalz.de\/index.php?rest_route=\/wp\/v2\/posts\/656\/revisions\/657"}],"wp:featuredmedia":[{"embeddable":true,"href":"https:\/\/eaf-pfalz.de\/index.php?rest_route=\/wp\/v2\/media\/385"}],"wp:attachment":[{"href":"https:\/\/eaf-pfalz.de\/index.php?rest_route=%2Fwp%2Fv2%2Fmedia&parent=656"}],"wp:term":[{"taxonomy":"category","embeddable":true,"href":"https:\/\/eaf-pfalz.de\/index.php?rest_route=%2Fwp%2Fv2%2Fcategories&post=656"},{"taxonomy":"post_tag","embeddable":true,"href":"https:\/\/eaf-pfalz.de\/index.php?rest_route=%2Fwp%2Fv2%2Ftags&post=656"}],"curies":[{"name":"wp","href":"https:\/\/api.w.org\/{rel}","templated":true}]}}