{"id":659,"date":"2024-09-19T07:17:59","date_gmt":"2024-09-19T07:17:59","guid":{"rendered":"https:\/\/eaf-pfalz.de\/?p=659"},"modified":"2024-09-24T07:50:30","modified_gmt":"2024-09-24T07:50:30","slug":"fuer-familien-fuer-demokratie","status":"publish","type":"post","link":"https:\/\/eaf-pfalz.de\/?p=659","title":{"rendered":"F\u00fcr Familien. F\u00fcr Demokratie."},"content":{"rendered":"\n<h4 class=\"wp-block-heading\"><strong>Jahrestagung der eaf schlie\u00dft mit gemeinsamer Erkl\u00e4rung<\/strong><\/h4>\n\n\n<style>.kb-image659_5bc81d-ce.kb-image-is-ratio-size, .kb-image659_5bc81d-ce .kb-image-is-ratio-size{max-width:294px;width:100%;}.wp-block-kadence-column > .kt-inside-inner-col > .kb-image659_5bc81d-ce.kb-image-is-ratio-size, .wp-block-kadence-column > .kt-inside-inner-col > .kb-image659_5bc81d-ce .kb-image-is-ratio-size{align-self:unset;}.kb-image659_5bc81d-ce figure{max-width:294px;}.kb-image659_5bc81d-ce .image-is-svg, .kb-image659_5bc81d-ce .image-is-svg img{width:100%;}.kb-image659_5bc81d-ce .kb-image-has-overlay:after{opacity:0.3;}<\/style>\n<div class=\"wp-block-kadence-image kb-image659_5bc81d-ce\"><figure class=\"alignright size-large\"><img loading=\"lazy\" decoding=\"async\" width=\"1024\" height=\"758\" src=\"https:\/\/eaf-pfalz.de\/wp-content\/uploads\/2024\/09\/IMG-20240913-WA0013-1024x758.jpg\" alt=\"\" class=\"kb-img wp-image-675\" srcset=\"https:\/\/eaf-pfalz.de\/wp-content\/uploads\/2024\/09\/IMG-20240913-WA0013-1024x758.jpg 1024w, https:\/\/eaf-pfalz.de\/wp-content\/uploads\/2024\/09\/IMG-20240913-WA0013-300x222.jpg 300w, https:\/\/eaf-pfalz.de\/wp-content\/uploads\/2024\/09\/IMG-20240913-WA0013-768x569.jpg 768w, https:\/\/eaf-pfalz.de\/wp-content\/uploads\/2024\/09\/IMG-20240913-WA0013-1536x1137.jpg 1536w, https:\/\/eaf-pfalz.de\/wp-content\/uploads\/2024\/09\/IMG-20240913-WA0013.jpg 2048w\" sizes=\"auto, (max-width: 1024px) 100vw, 1024px\" \/><\/figure><\/div>\n\n\n\n<p>Die Demokratie zu sch\u00fctzen und zu st\u00e4rken geh\u00f6rt zu den dringlichsten Aufgaben unserer Zeit. Im zeitlichen Kontext der drei ostdeutschen Landtagswahlen hat sich die evangelische arbeitsgemeinschaft familie e. V. (eaf) deshalb ganz bewusst auf ihrer diesj\u00e4hrigen Fachtagung in Wiesbaden\/ Naurod mit der Frage auseinandergesetzt, wie Familien als Raum, in dem Demokratie erlernt wird, gest\u00e4rkt werden k\u00f6nnen.<br>Auch die<strong> eaf Palz e.V.<\/strong> war aktiv dabei mit drei Delegierten und gestaltete einen Workshop gemeinsam mit <strong>medienundbildungRLP<\/strong> zum Thema <strong><a href=\"https:\/\/medienundbildung-rlp.de\/projekte\/democracy-gym\">DemocracyGym<\/a><\/strong>. Die Mitglieder verabschiedeten in einer Schlusserkl\u00e4rung ihre gemeinsame Position und definierten Ziele f\u00fcr das weitere Engagement des Verbandes.<\/p>\n\n\n<style>.kb-image659_ee2a43-6d.kb-image-is-ratio-size, .kb-image659_ee2a43-6d .kb-image-is-ratio-size{max-width:795px;width:100%;}.wp-block-kadence-column > .kt-inside-inner-col > .kb-image659_ee2a43-6d.kb-image-is-ratio-size, .wp-block-kadence-column > .kt-inside-inner-col > .kb-image659_ee2a43-6d .kb-image-is-ratio-size{align-self:unset;}.kb-image659_ee2a43-6d figure{max-width:795px;}.kb-image659_ee2a43-6d .image-is-svg, .kb-image659_ee2a43-6d .image-is-svg img{width:100%;}.kb-image659_ee2a43-6d .kb-image-has-overlay:after{opacity:0.3;}<\/style>\n<div class=\"wp-block-kadence-image kb-image659_ee2a43-6d\"><figure class=\"alignleft size-large\"><img loading=\"lazy\" decoding=\"async\" width=\"768\" height=\"1024\" src=\"https:\/\/eaf-pfalz.de\/wp-content\/uploads\/2024\/09\/20240911_162034-768x1024.jpg\" alt=\"\" class=\"kb-img wp-image-667\" srcset=\"https:\/\/eaf-pfalz.de\/wp-content\/uploads\/2024\/09\/20240911_162034-768x1024.jpg 768w, https:\/\/eaf-pfalz.de\/wp-content\/uploads\/2024\/09\/20240911_162034-225x300.jpg 225w, https:\/\/eaf-pfalz.de\/wp-content\/uploads\/2024\/09\/20240911_162034.jpg 1135w\" sizes=\"auto, (max-width: 768px) 100vw, 768px\" \/><figcaption>Begr\u00fc\u00dfung durch den Pr\u00e4sidenten der eaf, Martin Bujard<\/figcaption><\/figure><\/div>\n\n\n<style>.kb-image659_5e8d42-db.kb-image-is-ratio-size, .kb-image659_5e8d42-db .kb-image-is-ratio-size{max-width:649px;width:100%;}.wp-block-kadence-column > .kt-inside-inner-col > .kb-image659_5e8d42-db.kb-image-is-ratio-size, .wp-block-kadence-column > .kt-inside-inner-col > .kb-image659_5e8d42-db .kb-image-is-ratio-size{align-self:unset;}.kb-image659_5e8d42-db{max-width:649px;}.image-is-svg.kb-image659_5e8d42-db{-webkit-flex:0 1 100%;flex:0 1 100%;}.image-is-svg.kb-image659_5e8d42-db img{width:100%;}.kb-image659_5e8d42-db .kb-image-has-overlay:after{opacity:0.3;}<\/style>\n<figure class=\"wp-block-kadence-image kb-image659_5e8d42-db size-large\"><img loading=\"lazy\" decoding=\"async\" width=\"1024\" height=\"716\" src=\"https:\/\/eaf-pfalz.de\/wp-content\/uploads\/2024\/09\/20240911_162545-1024x716.jpg\" alt=\"\" class=\"kb-img wp-image-669\" srcset=\"https:\/\/eaf-pfalz.de\/wp-content\/uploads\/2024\/09\/20240911_162545-1024x716.jpg 1024w, https:\/\/eaf-pfalz.de\/wp-content\/uploads\/2024\/09\/20240911_162545-300x210.jpg 300w, https:\/\/eaf-pfalz.de\/wp-content\/uploads\/2024\/09\/20240911_162545-768x537.jpg 768w, https:\/\/eaf-pfalz.de\/wp-content\/uploads\/2024\/09\/20240911_162545-1536x1075.jpg 1536w, https:\/\/eaf-pfalz.de\/wp-content\/uploads\/2024\/09\/20240911_162545-2048x1433.jpg 2048w, https:\/\/eaf-pfalz.de\/wp-content\/uploads\/2024\/09\/20240911_162545-130x90.jpg 130w\" sizes=\"auto, (max-width: 1024px) 100vw, 1024px\" \/><figcaption>Gru\u00dfwort der Bundesfamilienministerin Lisa Paus<\/figcaption><\/figure>\n\n\n\n<p><br><\/p>\n\n\n<style>.kb-image659_cf2756-c4.kb-image-is-ratio-size, .kb-image659_cf2756-c4 .kb-image-is-ratio-size{max-width:770px;width:100%;}.wp-block-kadence-column > .kt-inside-inner-col > .kb-image659_cf2756-c4.kb-image-is-ratio-size, .wp-block-kadence-column > .kt-inside-inner-col > .kb-image659_cf2756-c4 .kb-image-is-ratio-size{align-self:unset;}.kb-image659_cf2756-c4{max-width:770px;}.image-is-svg.kb-image659_cf2756-c4{-webkit-flex:0 1 100%;flex:0 1 100%;}.image-is-svg.kb-image659_cf2756-c4 img{width:100%;}.kb-image659_cf2756-c4 .kb-image-has-overlay:after{opacity:0.3;}<\/style>\n<figure class=\"wp-block-kadence-image kb-image659_cf2756-c4 size-large\"><img loading=\"lazy\" decoding=\"async\" width=\"768\" height=\"1024\" src=\"https:\/\/eaf-pfalz.de\/wp-content\/uploads\/2024\/09\/20240912_141423-768x1024.jpg\" alt=\"\" class=\"kb-img wp-image-672\" srcset=\"https:\/\/eaf-pfalz.de\/wp-content\/uploads\/2024\/09\/20240912_141423-768x1024.jpg 768w, https:\/\/eaf-pfalz.de\/wp-content\/uploads\/2024\/09\/20240912_141423-225x300.jpg 225w, https:\/\/eaf-pfalz.de\/wp-content\/uploads\/2024\/09\/20240912_141423-1152x1536.jpg 1152w, https:\/\/eaf-pfalz.de\/wp-content\/uploads\/2024\/09\/20240912_141423-1536x2048.jpg 1536w, https:\/\/eaf-pfalz.de\/wp-content\/uploads\/2024\/09\/20240912_141423-scaled.jpg 1920w\" sizes=\"auto, (max-width: 768px) 100vw, 768px\" \/><figcaption>Workshop DemocracyGym<\/figcaption><\/figure>\n\n\n<style>.kb-image659_3d8d38-b6.kb-image-is-ratio-size, .kb-image659_3d8d38-b6 .kb-image-is-ratio-size{max-width:750px;width:100%;}.wp-block-kadence-column > .kt-inside-inner-col > .kb-image659_3d8d38-b6.kb-image-is-ratio-size, .wp-block-kadence-column > .kt-inside-inner-col > .kb-image659_3d8d38-b6 .kb-image-is-ratio-size{align-self:unset;}.kb-image659_3d8d38-b6 figure{max-width:750px;}.kb-image659_3d8d38-b6 .image-is-svg, .kb-image659_3d8d38-b6 .image-is-svg img{width:100%;}.kb-image659_3d8d38-b6 .kb-image-has-overlay:after{opacity:0.3;}<\/style>\n<div class=\"wp-block-kadence-image kb-image659_3d8d38-b6\"><figure class=\"alignleft size-large\"><img loading=\"lazy\" decoding=\"async\" width=\"768\" height=\"1024\" src=\"https:\/\/eaf-pfalz.de\/wp-content\/uploads\/2024\/09\/20240912_141409-768x1024.jpg\" alt=\"\" class=\"kb-img wp-image-671\" srcset=\"https:\/\/eaf-pfalz.de\/wp-content\/uploads\/2024\/09\/20240912_141409-768x1024.jpg 768w, https:\/\/eaf-pfalz.de\/wp-content\/uploads\/2024\/09\/20240912_141409-225x300.jpg 225w, https:\/\/eaf-pfalz.de\/wp-content\/uploads\/2024\/09\/20240912_141409-1152x1536.jpg 1152w, https:\/\/eaf-pfalz.de\/wp-content\/uploads\/2024\/09\/20240912_141409-1536x2048.jpg 1536w, https:\/\/eaf-pfalz.de\/wp-content\/uploads\/2024\/09\/20240912_141409-scaled.jpg 1920w\" sizes=\"auto, (max-width: 768px) 100vw, 768px\" \/><\/figure><\/div>\n\n\n\n<p><\/p>\n\n\n\n<p><\/p>\n\n\n\n<p><\/p>\n\n\n\n<p><\/p>\n\n\n\n<p><\/p>\n\n\n\n<p><\/p>\n\n\n\n<p><\/p>\n\n\n\n<p><\/p>\n\n\n\n<p><\/p>\n\n\n\n<p><\/p>\n\n\n<style>.kb-image659_d941db-da .kb-image-has-overlay:after{opacity:0.3;}<\/style>\n<figure class=\"wp-block-kadence-image kb-image659_d941db-da size-large\"><img loading=\"lazy\" decoding=\"async\" width=\"793\" height=\"1024\" src=\"https:\/\/eaf-pfalz.de\/wp-content\/uploads\/2024\/09\/20240912_110118-793x1024.jpg\" alt=\"\" class=\"kb-img wp-image-670\" srcset=\"https:\/\/eaf-pfalz.de\/wp-content\/uploads\/2024\/09\/20240912_110118-793x1024.jpg 793w, https:\/\/eaf-pfalz.de\/wp-content\/uploads\/2024\/09\/20240912_110118-232x300.jpg 232w, https:\/\/eaf-pfalz.de\/wp-content\/uploads\/2024\/09\/20240912_110118-768x991.jpg 768w, https:\/\/eaf-pfalz.de\/wp-content\/uploads\/2024\/09\/20240912_110118-1190x1536.jpg 1190w, https:\/\/eaf-pfalz.de\/wp-content\/uploads\/2024\/09\/20240912_110118-1587x2048.jpg 1587w, https:\/\/eaf-pfalz.de\/wp-content\/uploads\/2024\/09\/20240912_110118-scaled.jpg 1983w\" sizes=\"auto, (max-width: 793px) 100vw, 793px\" \/><figcaption>Bundesweiter Warntag, passend zum Thema \u201e Wacht auch, es geht um die Demokratie\u201c <\/figcaption><\/figure>\n\n\n\n<p><strong><a href=\"https:\/\/www.eaf-bund.de\/sites\/default\/files\/2024-09\/Schlusserklaerung_JT_2024.pdf\" data-type=\"link\" data-id=\"https:\/\/www.eaf-bund.de\/sites\/default\/files\/2024-09\/Schlusserklaerung_JT_2024.pdf\">>> SCHLUSSERKL\u00c4RUNG<\/a><\/strong><\/p>\n\n\n\n<figure class=\"wp-block-image size-full is-resized\"><a href=\"https:\/\/www.eaf-bund.de\/sites\/default\/files\/2024-09\/Schlusserklaerung_JT_2024.pdf\"><img loading=\"lazy\" decoding=\"async\" width=\"595\" height=\"841\" src=\"https:\/\/eaf-pfalz.de\/wp-content\/uploads\/2024\/09\/Schlusserklaerung_JT_2024.jpg\" alt=\"\" class=\"wp-image-662\" style=\"width:633px;height:auto\" srcset=\"https:\/\/eaf-pfalz.de\/wp-content\/uploads\/2024\/09\/Schlusserklaerung_JT_2024.jpg 595w, https:\/\/eaf-pfalz.de\/wp-content\/uploads\/2024\/09\/Schlusserklaerung_JT_2024-212x300.jpg 212w\" sizes=\"auto, (max-width: 595px) 100vw, 595px\" \/><\/a><\/figure>\n","protected":false},"excerpt":{"rendered":"<p>Jahrestagung der eaf schlie\u00dft mit gemeinsamer Erkl\u00e4rung Die Demokratie zu sch\u00fctzen und zu st\u00e4rken geh\u00f6rt zu den dringlichsten Aufgaben unserer<\/p>\n","protected":false},"author":1,"featured_media":671,"comment_status":"closed","ping_status":"open","sticky":false,"template":"","format":"standard","meta":{"colormag_page_container_layout":"default_layout","colormag_page_sidebar_layout":"default_layout","footnotes":""},"categories":[47,23,51],"tags":[56,10],"class_list":["post-659","post","type-post","status-publish","format-standard","has-post-thumbnail","hentry","category-eaf-pfalz","category-familienbildung","category-information","tag-demokratie","tag-familie"],"_links":{"self":[{"href":"https:\/\/eaf-pfalz.de\/index.php?rest_route=\/wp\/v2\/posts\/659","targetHints":{"allow":["GET"]}}],"collection":[{"href":"https:\/\/eaf-pfalz.de\/index.php?rest_route=\/wp\/v2\/posts"}],"about":[{"href":"https:\/\/eaf-pfalz.de\/index.php?rest_route=\/wp\/v2\/types\/post"}],"author":[{"embeddable":true,"href":"https:\/\/eaf-pfalz.de\/index.php?rest_route=\/wp\/v2\/users\/1"}],"replies":[{"embeddable":true,"href":"https:\/\/eaf-pfalz.de\/index.php?rest_route=%2Fwp%2Fv2%2Fcomments&post=659"}],"version-history":[{"count":58,"href":"https:\/\/eaf-pfalz.de\/index.php?rest_route=\/wp\/v2\/posts\/659\/revisions"}],"predecessor-version":[{"id":741,"href":"https:\/\/eaf-pfalz.de\/index.php?rest_route=\/wp\/v2\/posts\/659\/revisions\/741"}],"wp:featuredmedia":[{"embeddable":true,"href":"https:\/\/eaf-pfalz.de\/index.php?rest_route=\/wp\/v2\/media\/671"}],"wp:attachment":[{"href":"https:\/\/eaf-pfalz.de\/index.php?rest_route=%2Fwp%2Fv2%2Fmedia&parent=659"}],"wp:term":[{"taxonomy":"category","embeddable":true,"href":"https:\/\/eaf-pfalz.de\/index.php?rest_route=%2Fwp%2Fv2%2Fcategories&post=659"},{"taxonomy":"post_tag","embeddable":true,"href":"https:\/\/eaf-pfalz.de\/index.php?rest_route=%2Fwp%2Fv2%2Ftags&post=659"}],"curies":[{"name":"wp","href":"https:\/\/api.w.org\/{rel}","templated":true}]}}