{"id":78,"date":"2022-03-22T20:00:00","date_gmt":"2022-03-22T20:00:00","guid":{"rendered":"https:\/\/eaf-pfalz.de\/?p=78"},"modified":"2022-04-11T20:46:43","modified_gmt":"2022-04-11T20:46:43","slug":"familienbildungseinrichtungen-sind-wichtige-adressaten-fuer-das-demokratiefoerdergesetz","status":"publish","type":"post","link":"https:\/\/eaf-pfalz.de\/?p=78","title":{"rendered":"Familienbildungs-Einrichtungen wichtige Adressaten f\u00fcr das Demokratief\u00f6rdergesetz"},"content":{"rendered":"\n<h4 class=\"wp-block-heading\"><strong>eaf betont Relevanz der Demokratief\u00f6rderung in der Familie<\/strong><\/h4>\n\n\n\n<p><strong>Pressemitteilung vom 22.03.2022<\/strong><\/p>\n\n\n\n<p><strong>Berlin. <\/strong>Der Grundstein f\u00fcr Demokratie wird in der Familie gelegt: Familien sind die ersten Orte, in denen Kinder Aushandlungsprozesse und Beteiligung erfahren k\u00f6nnen, zum Beispiel indem sie fr\u00fch in Entscheidungen eingebunden und am Familienalltag beteiligt werden. Darauf weist die eaf in ihrer <a rel=\"noreferrer noopener\" href=\"https:\/\/www.eaf-bund.de\/sites\/default\/files\/2022-03\/220318_Stn_Demokratiefoerderung_eaf.pdf\" target=\"_blank\">Stellungnahme<\/a> zu einem Diskussionspapier f\u00fcr ein Demokratief\u00f6rdergesetz hin, das aktuell gemeinsam von Familienministerium (BMFSFJ) und Innenministerium (BMI) vorgelegt wurde. Ziel des geplanten Demokratief\u00f6rdergesetzes ist es, eine verl\u00e4ssliche rechtliche Grundlage f\u00fcr die Bundesf\u00f6rderung auf den Weg zu bringen und Adressaten und Voraussetzungen f\u00fcr eine F\u00f6rderung festzuschreiben.<\/p>\n\n\n\n<p>\u201eDie Familienbildung erreicht als einziger Bildungsbereich Familien altersunabh\u00e4ngig und in allen Lebenslagen\u201c, erkl\u00e4rt Dr. Martin Bujard, Pr\u00e4sident der eaf. \u201eBereits bestehende Arbeitsfelder wie die Familienbildung, die Familienberatung und die Familienerholung mit ihren fachlich be\u00adw\u00e4hrten Strukturen sollten deshalb im Demokratief\u00f6rdergesetz ausdr\u00fccklich als Adressaten der F\u00f6rderung benannt werden.\u201c<\/p>\n\n\n\n<p>Mit ihren niedrigschwelligen und bedarfsorientierten Angeboten unterst\u00fctzen Familienbildungs\u00adeinrichtungen Familien darin, ihre Erziehungs-, Bildungs- und Sozialisationsaufgaben best\u00adm\u00f6glich wahrzunehmen. \u201eWege aufzuzeigen, wie ein respektvolles Miteinander von Kindern und Eltern gelingen kann, wie Konfliktsituationen in der Familie gewaltfrei gel\u00f6st werden k\u00f6nnen, wie Entscheidungen gemeinsam getroffen, Kompromisse ausgehandelt und die Interessen aller Beteiligten angemessen ber\u00fccksichtigt werden k\u00f6nnen, das zu vermitteln, ist der gesetzliche Auftrag der Familienbildung\u201c, f\u00fchrt Bujard aus.<\/p>\n\n\n\n<p>Aus Sicht der eaf ist es deshalb au\u00dferordentlich wichtig, die wertvolle prim\u00e4rpr\u00e4ventive Arbeit der Familienbildung durch eine langfristige und nachhaltige F\u00f6rderung abzusichern, denn, so Bujard weiter: \u201eDemokratief\u00f6rderung und die Entwicklung entsprechender Haltungen bed\u00fcrfen eines \u201elangen Atems\u201c, der durch kurzfristige Projekte \u201enach Kassenlage\u201c kaum gew\u00e4hrleistet werden kann.\u201c<\/p>\n\n\n\n<p>Ansprechpartner: Andreas Zieske, E-Mail: <a href=\"mailto:andersen@eaf-bund.de\">zieske@eaf-bund.de<\/a><\/p>\n\n\n\n<p><em>Die <strong>evangelische arbeitsgemeinschaft familie e. V. (eaf<\/strong>) ist der familienpolitische Dachverband in der Evangelischen Kirche in Deutschland (EKD). Die Interessen der Evangelischen Familienbildung werden in der eaf vom <strong>Forum Familienbildung <\/strong>vertreten.<\/em><\/p>\n","protected":false},"excerpt":{"rendered":"<p>Der Grundstein f\u00fcr Demokratie wird in der Familie gelegt: Familien sind die ersten Orte, in denen Kinder Aushandlungsprozesse und Beteiligung erfahren k\u00f6nnen, zum Beispiel indem sie fr\u00fch in Entscheidungen eingebunden und am Familienalltag beteiligt werden.<\/p>\n","protected":false},"author":1,"featured_media":81,"comment_status":"open","ping_status":"open","sticky":false,"template":"","format":"standard","meta":{"colormag_page_container_layout":"default_layout","colormag_page_sidebar_layout":"default_layout","footnotes":""},"categories":[6,5],"tags":[],"class_list":["post-78","post","type-post","status-publish","format-standard","has-post-thumbnail","hentry","category-eaf-bund","category-pressemitteilung"],"_links":{"self":[{"href":"https:\/\/eaf-pfalz.de\/index.php?rest_route=\/wp\/v2\/posts\/78","targetHints":{"allow":["GET"]}}],"collection":[{"href":"https:\/\/eaf-pfalz.de\/index.php?rest_route=\/wp\/v2\/posts"}],"about":[{"href":"https:\/\/eaf-pfalz.de\/index.php?rest_route=\/wp\/v2\/types\/post"}],"author":[{"embeddable":true,"href":"https:\/\/eaf-pfalz.de\/index.php?rest_route=\/wp\/v2\/users\/1"}],"replies":[{"embeddable":true,"href":"https:\/\/eaf-pfalz.de\/index.php?rest_route=%2Fwp%2Fv2%2Fcomments&post=78"}],"version-history":[{"count":5,"href":"https:\/\/eaf-pfalz.de\/index.php?rest_route=\/wp\/v2\/posts\/78\/revisions"}],"predecessor-version":[{"id":92,"href":"https:\/\/eaf-pfalz.de\/index.php?rest_route=\/wp\/v2\/posts\/78\/revisions\/92"}],"wp:featuredmedia":[{"embeddable":true,"href":"https:\/\/eaf-pfalz.de\/index.php?rest_route=\/wp\/v2\/media\/81"}],"wp:attachment":[{"href":"https:\/\/eaf-pfalz.de\/index.php?rest_route=%2Fwp%2Fv2%2Fmedia&parent=78"}],"wp:term":[{"taxonomy":"category","embeddable":true,"href":"https:\/\/eaf-pfalz.de\/index.php?rest_route=%2Fwp%2Fv2%2Fcategories&post=78"},{"taxonomy":"post_tag","embeddable":true,"href":"https:\/\/eaf-pfalz.de\/index.php?rest_route=%2Fwp%2Fv2%2Ftags&post=78"}],"curies":[{"name":"wp","href":"https:\/\/api.w.org\/{rel}","templated":true}]}}