{"id":785,"date":"2025-01-23T22:44:33","date_gmt":"2025-01-23T22:44:33","guid":{"rendered":"https:\/\/eaf-pfalz.de\/?p=785"},"modified":"2025-01-27T22:50:58","modified_gmt":"2025-01-27T22:50:58","slug":"familien-staerken-in-zeiten-multipler-krisen","status":"publish","type":"post","link":"https:\/\/eaf-pfalz.de\/?p=785","title":{"rendered":"Familien st\u00e4rken in Zeiten multipler Krisen"},"content":{"rendered":"\n<p><strong>eaf stellt 10 Forderungen f\u00fcr die neue Legislaturperiode vor<\/strong><\/p>\n\n\n\n<p><strong>Berlin.<\/strong> F\u00fcr Familien sind die verschiedenen gleichzeitig stattfindenden Krisen eine gro\u00dfe Heraus\u00adforderung. Finanzielle Unsicherheiten, organisatorische Belastungen und emotionale Anforderungen pr\u00e4gen deshalb das Zusammenleben von Eltern und Kindern. Sie ben\u00f6tigen in ihrem Alltag und speziell in Ausnahme- und Krisensituationen die f\u00fcr sie passende Unterst\u00fctzung, um mit diesen Herausforderungen gut umgehen zu k\u00f6nnen. Die evangelische arbeitsgemeinschaft familie (eaf) hat vor diesem Hintergrund ein <a href=\"https:\/\/www.eaf-bund.de\/sites\/default\/files\/2025-01\/250123_Familienpolitische_Forderungen.pdf\"><strong>Forderungspapier mit 10\u00a0zentralen Handlungsempfehlungen f\u00fcr die 21. Wahlperiode<\/strong><\/a> ver\u00f6ffentlicht.<\/p>\n\n\n\n<p>Familienpolitik ist aus Sicht der eaf eine Querschnittsaufgabe. \u201eOb Arbeit, Soziales, Bildung, Wohnung, Verkehr, Klima oder Demokratiebildung: Familien m\u00fcssen in allen politischen Bereichen mitgedacht werden\u201c, betont eaf-Pr\u00e4sident Prof. Dr. Martin Bujard.<\/p>\n\n\n\n<p>\u201eWir fordern von der neuen Regierung, die Bildungs- und Betreuungskrise aktiv zu bew\u00e4ltigen. Die finanzielle Situation von Familien muss endlich verbessert werden. Durch zeitpolitische Instrumente sollten besonders V\u00e4ter f\u00fcr die \u00dcbernahme von famili\u00e4rer Sorgearbeit gewonnen werden. Reformen im Familienrecht m\u00fcssen das Kind in den Mittelpunkt stellen und umfassenden Gewaltschutz schaffen.\u201c<\/p>\n\n\n\n<p>Ein weiteres zentrales Anliegen der eaf ist es, Familienbildung durch ausreichende Finanzierung langfristig zu st\u00e4rken.<\/p>\n\n\n\n<p>\u201eWir werden die familienpolitische Arbeit der n\u00e4chsten Bundesregierung an unseren Forderungen messen\u201c, so Bujard weiter. \u201eIn den vergangenen Jahren wurde viele Chancen verpasst. Jetzt ist es an der Zeit, l\u00e4ngst \u00fcberf\u00e4llige Verbesserungen f\u00fcr das Leben von Familien endlich umzusetzen.\u201c<\/p>\n\n\n\n<p><strong>><a href=\"https:\/\/www.eaf-bund.de\/sites\/default\/files\/2025-01\/250123_Familienpolitische_Forderungen.pdf\">Link zum Forderungspapier<\/a><\/strong><\/p>\n\n\n\n<p>Ansprechpartnerin: <strong>Konstanze Hartmann-Boudol<\/strong>, E-Mail: <a href=\"mailto:Hartmann-Boudol@eaf-bund.de\">Hartmann-Boudol@eaf-bund.de<\/a><\/p>\n\n\n\n<p><em>Die <strong>evangelische arbeitsgemeinschaft familie e. V. (eaf<\/strong>) ist der familienpolitische Dachverband in der Evangelischen Kirche in Deutschland (EKD)<\/em><\/p>\n","protected":false},"excerpt":{"rendered":"<p>eaf stellt 10 Forderungen f\u00fcr die neue Legislaturperiode vor Berlin. F\u00fcr Familien sind die verschiedenen gleichzeitig stattfindenden Krisen eine gro\u00dfe<\/p>\n","protected":false},"author":1,"featured_media":788,"comment_status":"closed","ping_status":"open","sticky":false,"template":"","format":"standard","meta":{"colormag_page_container_layout":"default_layout","colormag_page_sidebar_layout":"default_layout","footnotes":""},"categories":[6,51,5],"tags":[],"class_list":["post-785","post","type-post","status-publish","format-standard","has-post-thumbnail","hentry","category-eaf-bund","category-information","category-pressemitteilung"],"_links":{"self":[{"href":"https:\/\/eaf-pfalz.de\/index.php?rest_route=\/wp\/v2\/posts\/785","targetHints":{"allow":["GET"]}}],"collection":[{"href":"https:\/\/eaf-pfalz.de\/index.php?rest_route=\/wp\/v2\/posts"}],"about":[{"href":"https:\/\/eaf-pfalz.de\/index.php?rest_route=\/wp\/v2\/types\/post"}],"author":[{"embeddable":true,"href":"https:\/\/eaf-pfalz.de\/index.php?rest_route=\/wp\/v2\/users\/1"}],"replies":[{"embeddable":true,"href":"https:\/\/eaf-pfalz.de\/index.php?rest_route=%2Fwp%2Fv2%2Fcomments&post=785"}],"version-history":[{"count":2,"href":"https:\/\/eaf-pfalz.de\/index.php?rest_route=\/wp\/v2\/posts\/785\/revisions"}],"predecessor-version":[{"id":789,"href":"https:\/\/eaf-pfalz.de\/index.php?rest_route=\/wp\/v2\/posts\/785\/revisions\/789"}],"wp:featuredmedia":[{"embeddable":true,"href":"https:\/\/eaf-pfalz.de\/index.php?rest_route=\/wp\/v2\/media\/788"}],"wp:attachment":[{"href":"https:\/\/eaf-pfalz.de\/index.php?rest_route=%2Fwp%2Fv2%2Fmedia&parent=785"}],"wp:term":[{"taxonomy":"category","embeddable":true,"href":"https:\/\/eaf-pfalz.de\/index.php?rest_route=%2Fwp%2Fv2%2Fcategories&post=785"},{"taxonomy":"post_tag","embeddable":true,"href":"https:\/\/eaf-pfalz.de\/index.php?rest_route=%2Fwp%2Fv2%2Ftags&post=785"}],"curies":[{"name":"wp","href":"https:\/\/api.w.org\/{rel}","templated":true}]}}