{"id":794,"date":"2025-03-13T19:05:43","date_gmt":"2025-03-13T19:05:43","guid":{"rendered":"https:\/\/eaf-pfalz.de\/?p=794"},"modified":"2025-03-14T19:06:23","modified_gmt":"2025-03-14T19:06:23","slug":"zu-wenig-familienpolitik-im-sondierungspapier","status":"publish","type":"post","link":"https:\/\/eaf-pfalz.de\/?p=794","title":{"rendered":"Zu wenig Familienpolitik im Sondierungspapier!"},"content":{"rendered":"\n<p><strong>eaf fordert Koalitionsverhandlungen mit Fokus auf Familien<\/strong><\/p>\n\n\n\n<p>Berlin, 13.0325<\/p>\n\n\n\n<p>Die evangelische arbeitsgemeinschaft familie (eaf) begr\u00fc\u00dft grunds\u00e4tzlich die im Sondierungs\u00adpapier von CDU\/CSU und SPD angedeuteten Absichtserkl\u00e4rungen, die auf eine bessere Verein\u00adbarkeit von Familie und Beruf, die F\u00f6rderung von Partnerschaftlichkeit, den Ausbau verl\u00e4sslicher Kitas, Ganztagsschulen und Tagespflege, Investitionen in Bildung sowie das Voranbringen des Gewaltschutzes gerichtet sind.<\/p>\n\n\n\n<p>\u201eHier erkennen wir viel guten Willen. Wenn eine zuk\u00fcnftige Regierung die Kita- und Bildungs\u00adkrise in den Griff bekommen w\u00fcrde, w\u00e4re f\u00fcr Familien eine Menge gewonnen\u201c, res\u00fcmiert eaf\u2011Pr\u00e4sident Prof. Dr. Martin Bujard. \u201eHierzu ist ein klares Bekenntnis des Bundes f\u00fcr finanzielle Verantwortung bei der Kinderbetreuung notwendig, um verl\u00e4ssliche und qualitativ gute Ange\u00adbote zu garantieren. Aus Sicht der eaf sind wichtige Stichworte wie Gewaltschutz oder Partnerschaftlichkeit in der Familie noch nicht ausreichend unterf\u00fcttert.\u201c<\/p>\n\n\n\n<p>Eine bessere Abstimmung und Zusammenfassung sozialer Leistungen gemeinsam mit einer Beratung aus einer Hand sind wichtige Schritte in die richtige Richtung. Doch, so Bujard, wird es darauf ankommen, ob tats\u00e4chlich mehr Geld die Familien erreicht. \u201eDazu muss zuerst der Kinderregelsatz an die spezifischen Bedarfe von Kindern f\u00fcr ein gutes Aufwachsen und angemessene Teilhabe angepasst werden.\u201c<\/p>\n\n\n\n<p>Geschlechtergerechtigkeit in der Sorgearbeit stellt sich nicht automatisch durch gute Betreu\u00adungsangebote ein. \u201eWir vermissen die Ank\u00fcndigung konkreter Ma\u00dfnahmen wie Familienstartzeit, Elterngeldausbau und zeitpolitische Instrumente wie eine dynamische Familienarbeitszeit\u201c, so Bujard. \u201eBeim Gewaltschutz fehlt uns die gesetzliche Verankerung im Familien- und Familien\u00adverfahrensrecht.\u201c<\/p>\n\n\n\n<p>Familien sind das R\u00fcckgrat unserer Gesellschaft. Die multiplen Krisen der vergangenen Jahre mussten sie \u00fcberwiegend allein bew\u00e4ltigen. \u201eWenn Eltern sich im Stich gelassen f\u00fchlen und das Vertrauen in Institutionen und demokratische Strukturen schwindet, hat dies weitreichende Folgen f\u00fcr unsere Gesellschaft\u201c, mahnt Bujard. \u201eEs ist h\u00f6chste Zeit, Familienpolitik st\u00e4rker ins Zentrum politischen Handelns zu r\u00fccken!\u201c<\/p>\n\n\n\n<p>Die familienpolitischen Forderungen der eaf f\u00fcr die neue Legislaturperiode finden Sie <a href=\"https:\/\/www.eaf-bund.de\/sites\/default\/files\/2025-01\/250123_Familienpolitische_Forderungen.pdf\">hier<\/a>.<\/p>\n\n\n\n<p><a>Ansprechpartnerin:<strong> Nicole Trieloff<\/strong>, E-Mail:<\/a><a href=\"mailto:Trieloff@eaf-bund.de\"><strong>Trieloff@eaf-bund.de<\/strong><\/a><\/p>\n","protected":false},"excerpt":{"rendered":"<p>eaf fordert Koalitionsverhandlungen mit Fokus auf Familien Berlin, 13.0325 Die evangelische arbeitsgemeinschaft familie (eaf) begr\u00fc\u00dft grunds\u00e4tzlich die im Sondierungs\u00adpapier von<\/p>\n","protected":false},"author":1,"featured_media":796,"comment_status":"closed","ping_status":"open","sticky":false,"template":"","format":"standard","meta":{"colormag_page_container_layout":"default_layout","colormag_page_sidebar_layout":"default_layout","footnotes":""},"categories":[6,5],"tags":[],"class_list":["post-794","post","type-post","status-publish","format-standard","has-post-thumbnail","hentry","category-eaf-bund","category-pressemitteilung"],"_links":{"self":[{"href":"https:\/\/eaf-pfalz.de\/index.php?rest_route=\/wp\/v2\/posts\/794","targetHints":{"allow":["GET"]}}],"collection":[{"href":"https:\/\/eaf-pfalz.de\/index.php?rest_route=\/wp\/v2\/posts"}],"about":[{"href":"https:\/\/eaf-pfalz.de\/index.php?rest_route=\/wp\/v2\/types\/post"}],"author":[{"embeddable":true,"href":"https:\/\/eaf-pfalz.de\/index.php?rest_route=\/wp\/v2\/users\/1"}],"replies":[{"embeddable":true,"href":"https:\/\/eaf-pfalz.de\/index.php?rest_route=%2Fwp%2Fv2%2Fcomments&post=794"}],"version-history":[{"count":1,"href":"https:\/\/eaf-pfalz.de\/index.php?rest_route=\/wp\/v2\/posts\/794\/revisions"}],"predecessor-version":[{"id":795,"href":"https:\/\/eaf-pfalz.de\/index.php?rest_route=\/wp\/v2\/posts\/794\/revisions\/795"}],"wp:featuredmedia":[{"embeddable":true,"href":"https:\/\/eaf-pfalz.de\/index.php?rest_route=\/wp\/v2\/media\/796"}],"wp:attachment":[{"href":"https:\/\/eaf-pfalz.de\/index.php?rest_route=%2Fwp%2Fv2%2Fmedia&parent=794"}],"wp:term":[{"taxonomy":"category","embeddable":true,"href":"https:\/\/eaf-pfalz.de\/index.php?rest_route=%2Fwp%2Fv2%2Fcategories&post=794"},{"taxonomy":"post_tag","embeddable":true,"href":"https:\/\/eaf-pfalz.de\/index.php?rest_route=%2Fwp%2Fv2%2Ftags&post=794"}],"curies":[{"name":"wp","href":"https:\/\/api.w.org\/{rel}","templated":true}]}}