{"id":815,"date":"2025-04-28T21:16:27","date_gmt":"2025-04-28T21:16:27","guid":{"rendered":"https:\/\/eaf-pfalz.de\/?p=815"},"modified":"2025-05-06T21:17:14","modified_gmt":"2025-05-06T21:17:14","slug":"wer-hat-hier-den-hut-auf","status":"publish","type":"post","link":"https:\/\/eaf-pfalz.de\/?p=815","title":{"rendered":"Wer hat hier den Hut auf?"},"content":{"rendered":"\n<p><strong>eaf mit Angeboten und Impulsen zum Thema Demokratiebildung und Familie beim Deutschen Evangelischen Kirchentag<\/strong><\/p>\n\n\n\n<p><strong>Pressemitteilung vom 28.04.25<\/strong><\/p>\n\n\n\n<p><strong>Berlin.<\/strong> \u201eWer hat hier den Hut auf? Familien als unverzichtbarer Ort der Demokratiebildung\u201c \u2013 Mit<br>interaktiven Angeboten und Impulsen zu diesem Thema stellt sich die evangelische arbeits-<br>gemeinschaft familie (eaf) vom 1. bis 3. Mai 2025 im Zentrum \u201eKinder und Familien\u201c auf dem<br>Evangelischen Kirchentag in Hannover vor. Denn Familien spielen eine fundamentale Rolle bei<br>der politischen Sozialisation. Sie bieten Raum, in dem Demokratie erlernt werden kann.<br>Die eaf m\u00f6chte mit Familien ins Gespr\u00e4ch kommen und gemeinsam mit Eltern und Kindern<br>herausfinden, wie das eigentlich geht: Demokratie lernen. Wie werden demokratische Werte<br>vermittelt? Wie k\u00f6nnen Aushandlungsprozesse erlernt und ge\u00fcbt werden? Was brauchen<br>Familien, um ihre wichtige Aufgabe als erster Ort f\u00fcr politische Sozialisation gut erf\u00fcllen zu<br>k\u00f6nnen?  <strong>(<a href=\"https:\/\/www.eaf-bund.de\/sites\/default\/files\/2025-04\/250428_PM_DEKT.pdf\" data-type=\"link\" data-id=\"https:\/\/www.eaf-bund.de\/sites\/default\/files\/2025-04\/250428_PM_DEKT.pdf\">weiterlesen&#8230;)<\/a><\/strong><\/p>\n","protected":false},"excerpt":{"rendered":"<p>eaf mit Angeboten und Impulsen zum Thema Demokratiebildung und Familie beim Deutschen Evangelischen Kirchentag Pressemitteilung vom 28.04.25 Berlin. \u201eWer hat<\/p>\n","protected":false},"author":1,"featured_media":820,"comment_status":"closed","ping_status":"open","sticky":false,"template":"","format":"standard","meta":{"colormag_page_container_layout":"default_layout","colormag_page_sidebar_layout":"default_layout","footnotes":""},"categories":[6,99,5],"tags":[],"class_list":["post-815","post","type-post","status-publish","format-standard","has-post-thumbnail","hentry","category-eaf-bund","category-familienpolitik","category-pressemitteilung"],"_links":{"self":[{"href":"https:\/\/eaf-pfalz.de\/index.php?rest_route=\/wp\/v2\/posts\/815","targetHints":{"allow":["GET"]}}],"collection":[{"href":"https:\/\/eaf-pfalz.de\/index.php?rest_route=\/wp\/v2\/posts"}],"about":[{"href":"https:\/\/eaf-pfalz.de\/index.php?rest_route=\/wp\/v2\/types\/post"}],"author":[{"embeddable":true,"href":"https:\/\/eaf-pfalz.de\/index.php?rest_route=\/wp\/v2\/users\/1"}],"replies":[{"embeddable":true,"href":"https:\/\/eaf-pfalz.de\/index.php?rest_route=%2Fwp%2Fv2%2Fcomments&post=815"}],"version-history":[{"count":4,"href":"https:\/\/eaf-pfalz.de\/index.php?rest_route=\/wp\/v2\/posts\/815\/revisions"}],"predecessor-version":[{"id":822,"href":"https:\/\/eaf-pfalz.de\/index.php?rest_route=\/wp\/v2\/posts\/815\/revisions\/822"}],"wp:featuredmedia":[{"embeddable":true,"href":"https:\/\/eaf-pfalz.de\/index.php?rest_route=\/wp\/v2\/media\/820"}],"wp:attachment":[{"href":"https:\/\/eaf-pfalz.de\/index.php?rest_route=%2Fwp%2Fv2%2Fmedia&parent=815"}],"wp:term":[{"taxonomy":"category","embeddable":true,"href":"https:\/\/eaf-pfalz.de\/index.php?rest_route=%2Fwp%2Fv2%2Fcategories&post=815"},{"taxonomy":"post_tag","embeddable":true,"href":"https:\/\/eaf-pfalz.de\/index.php?rest_route=%2Fwp%2Fv2%2Ftags&post=815"}],"curies":[{"name":"wp","href":"https:\/\/api.w.org\/{rel}","templated":true}]}}