{"id":838,"date":"2025-06-13T08:46:14","date_gmt":"2025-06-13T08:46:14","guid":{"rendered":"https:\/\/eaf-pfalz.de\/?p=838"},"modified":"2025-06-13T08:46:14","modified_gmt":"2025-06-13T08:46:14","slug":"signal-hoch-fuer-klimafreundliches-reisen-mit-kindern","status":"publish","type":"post","link":"https:\/\/eaf-pfalz.de\/?p=838","title":{"rendered":"Signal hoch f\u00fcr klimafreundliches Reisen mit Kindern\u00a0"},"content":{"rendered":"\n<p><strong>eaf fordert Erhalt der Familienreservierung<\/strong><\/p>\n\n\n\n<p><strong>Pressemitteilung vom 12.06.25<\/strong><\/p>\n\n\n\n<p>Berlin. Die von der Deutschen Bahn gestern angek\u00fcndigte Streichung der kostenlosen Familienreservierung sendet nach Ansicht der evangelischen arbeitsgemeinschaft familie e. V. (eaf) ein falsches Signal \u2013 gerade mit Blick auf soziale Gerechtigkeit und klimafreundliche Mobilit\u00e4t.\u00a0<\/p>\n\n\n\n<p>\u201eDass die Bahn ausgerechnet Familien mit Mehrkosten belastet, ist unverst\u00e4ndlich: Ein schlechtes Signal der Bahn\u201c, kritisiert eaf-Pr\u00e4sident Prof. Dr. Martin Bujard. Gerade Familien mit kleinem oder mittlerem Einkommen werden durch die Abschaffung der g\u00fcnstigen Familienreservierung besonders hart getroffen. F\u00fcr viele wird klimafreundliches Bahnfahren zum Luxus, den sie sich schlicht nicht mehr leisten k\u00f6nnen. Eltern mit Kindern sind auf Sitzpl\u00e4tze nebeneinander angewiesen \u2013 offenkundig mehr als viele andere Reisende. F\u00e4llt die Familienreservierung weg, verdoppeln sich die Kosten f\u00fcr eine vierk\u00f6pfige Familie \u2013 von derzeit 20,80 Euro auf 44,00 Euro. Viele Familien werden sich dann gegen die Bahn und f\u00fcr das Auto entscheiden. Oder sie verzichten ganz darauf, mit ihren Kindern zu verreisen. \u201eBeides kann nicht in unserem Sinn sein. Familien mit Kindern brauchen bezahlbare Rahmenbedingungen f\u00fcr klimafreundliches Reisen &#8211; die Bahn tr\u00e4gt hier Verantwortung\u201c, so Bujard.&nbsp;<\/p>\n\n\n\n<p><strong>eaf fordert sozial gerechte Klimapolitik<\/strong><\/p>\n\n\n\n<p>Die eaf besch\u00e4ftigt sich bereits seit 2023 mit den Auswirkungen der Klimakrise auf Familien. Sie setzt sich daf\u00fcr ein, dass Klimapolitik unter besonderer Ber\u00fccksichtigung der Familienperspektive gestaltet wird \u2013 sozial gerecht und alltagstauglich. Familien spielen eine zentrale Rolle in der Transformation zu einer klimagerechten Gesellschaft. Sie verdienen dabei gezielte Unterst\u00fctzung \u2013 auch durch die Bahn.<\/p>\n\n\n\n<p>Ansprechpartnerin:&nbsp;<strong>Konstanze Hartmann-Boudol<\/strong>, E-Mail:&nbsp;<a href=\"mailto:Hartmann-Boudol@eaf-bund.de\" target=\"_blank\" rel=\"noreferrer noopener\"><strong>Hartmann-Boudol@eaf-bund.de<\/strong><\/a><\/p>\n\n\n\n<p><em>Die&nbsp;<strong>evangelische arbeitsgemeinschaft familie e. V. (eaf)<\/strong>&nbsp;ist der familienpolitische Dachverband in der Evangelischen Kirche in Deutschland (EKD).<\/em><\/p>\n","protected":false},"excerpt":{"rendered":"<p>eaf fordert Erhalt der Familienreservierung Pressemitteilung vom 12.06.25 Berlin. Die von der Deutschen Bahn gestern angek\u00fcndigte Streichung der kostenlosen Familienreservierung<\/p>\n","protected":false},"author":1,"featured_media":840,"comment_status":"closed","ping_status":"open","sticky":false,"template":"","format":"standard","meta":{"colormag_page_container_layout":"default_layout","colormag_page_sidebar_layout":"default_layout","footnotes":""},"categories":[6,51,5],"tags":[],"class_list":["post-838","post","type-post","status-publish","format-standard","has-post-thumbnail","hentry","category-eaf-bund","category-information","category-pressemitteilung"],"_links":{"self":[{"href":"https:\/\/eaf-pfalz.de\/index.php?rest_route=\/wp\/v2\/posts\/838","targetHints":{"allow":["GET"]}}],"collection":[{"href":"https:\/\/eaf-pfalz.de\/index.php?rest_route=\/wp\/v2\/posts"}],"about":[{"href":"https:\/\/eaf-pfalz.de\/index.php?rest_route=\/wp\/v2\/types\/post"}],"author":[{"embeddable":true,"href":"https:\/\/eaf-pfalz.de\/index.php?rest_route=\/wp\/v2\/users\/1"}],"replies":[{"embeddable":true,"href":"https:\/\/eaf-pfalz.de\/index.php?rest_route=%2Fwp%2Fv2%2Fcomments&post=838"}],"version-history":[{"count":1,"href":"https:\/\/eaf-pfalz.de\/index.php?rest_route=\/wp\/v2\/posts\/838\/revisions"}],"predecessor-version":[{"id":839,"href":"https:\/\/eaf-pfalz.de\/index.php?rest_route=\/wp\/v2\/posts\/838\/revisions\/839"}],"wp:featuredmedia":[{"embeddable":true,"href":"https:\/\/eaf-pfalz.de\/index.php?rest_route=\/wp\/v2\/media\/840"}],"wp:attachment":[{"href":"https:\/\/eaf-pfalz.de\/index.php?rest_route=%2Fwp%2Fv2%2Fmedia&parent=838"}],"wp:term":[{"taxonomy":"category","embeddable":true,"href":"https:\/\/eaf-pfalz.de\/index.php?rest_route=%2Fwp%2Fv2%2Fcategories&post=838"},{"taxonomy":"post_tag","embeddable":true,"href":"https:\/\/eaf-pfalz.de\/index.php?rest_route=%2Fwp%2Fv2%2Ftags&post=838"}],"curies":[{"name":"wp","href":"https:\/\/api.w.org\/{rel}","templated":true}]}}