{"id":842,"date":"2025-06-26T10:11:51","date_gmt":"2025-06-26T10:11:51","guid":{"rendered":"https:\/\/eaf-pfalz.de\/?p=842"},"modified":"2025-06-30T10:16:29","modified_gmt":"2025-06-30T10:16:29","slug":"schluss-mit-unsanierten-schulen-erschoepften-erzieherinnen-und-verkuerzten-kita-oeffnungszeiten","status":"publish","type":"post","link":"https:\/\/eaf-pfalz.de\/?p=842","title":{"rendered":"Schluss mit unsanierten Schulen, ersch\u00f6pften Erzieher:innen und verk\u00fcrzten KiTa-\u00d6ffnungszeiten!"},"content":{"rendered":"\n<p><strong>eaf fordert mit Ratschlag Kinderarmut massive St\u00e4rkung der sozialen Infrastruktur f\u00fcr Kinder und Familien<\/strong><\/p>\n\n\n\n<p><strong>Pressemittelung vom 26.06.2025<\/strong><\/p>\n\n\n\n<p><strong>Berlin.<\/strong> Der Ratschlag Kinderarmut \u2013 ein Zusammenschluss von 52 Akteur:innen aus Zivilgesellschaft und Wissenschaft, darunter auch die eaf \u2013 fordert in einer gemeinsamen Erkl\u00e4rung die Bundesregierung auf, jetzt entschlossen in die soziale Infrastruktur zu investieren. Besonders Kinder und Familien in Armut sind auf funktionierende Bildungs-, Betreuungs- und Unter\u00adst\u00fctzungsangebote angewiesen. Investitionen in Kinder und Jugendliche sind als Investitionen in Wohlstand und Demokratie zu begreifen.<\/p>\n\n\n\n<p>\u201eDer Koalitionsvertrag verspricht massive Investitionen in Kitas und Schulen\u201c, betont eaf-Bundesgesch\u00e4ftsf\u00fchrerin Nicole Trieloff. \u201eDieses Versprechen muss die Bundesregierung schnellstm\u00f6glich einl\u00f6sen! Jeder Tag, an dem Eltern sich nicht auf eine familienunterst\u00fctzende Infrastruktur verlassen k\u00f6nnen und stattdessen mit Notl\u00f6sungen jonglieren, ist ein Tag zu viel. Jeder Tag, an dem Kinder und Jugendliche von Fachkr\u00e4ften betreut werden, die l\u00e4ngst am Limit arbeiten &#8211; und oft dar\u00fcber hinaus &#8211; macht deutlich, wie dringend sich etwas \u00e4ndern muss.\u201c<\/p>\n\n\n\n<p>Immer noch entscheidet die soziale Herkunft in Deutschland ma\u00dfgeblich \u00fcber Teilhabe\u00adm\u00f6glichkeiten und Zukunftschancen. Eine funktionierende soziale Infrastruktur kann Ungleichheiten kompensieren und die Weichen f\u00fcr ein selbstbestimmtes Leben ohne Armut stellen. Niedrigschwellige Unterst\u00fctzungs-, Beratungs- und Freizeitangebote, F\u00f6rder- und Sprachunterricht, gute Kinderbetreuung, Anschluss an den \u00f6ffentlichen Nahverkehr oder die N\u00e4he zu einem Sportverein \u2013 all diese M\u00f6glichkeiten k\u00f6nnen Biografien pr\u00e4gen.<\/p>\n\n\n\n<p>\u201eWesentliche Teile des Sonderverm\u00f6gens Infrastruktur m\u00fcssen in die soziale Infrastruktur, in hochwertige Betreuungs- und Bildungsangebote, Jugendsozialarbeit und Familienbildung flie\u00dfen\u201c, fasst Trieloff zusammen. \u201eJede alleingelassene Familie schw\u00e4cht das Vertrauen in die Demokratie. Jede ausgefallene Unterrichtsstunde ist ein Armutszeugnis. Es f\u00fchrt kein Weg daran vorbei, dass wir die Bildungs- und Betreuungskrise schleunigst in den Griff bekommen m\u00fcssen. Davon profitiert unsere ganze Gesellschaft.\u201c<\/p>\n\n\n\n<p>Die gemeinsame Erkl\u00e4rung des <strong>Ratschlag Kinderarmut<\/strong> <a><strong>2025<\/strong> \u201eInvestitionen in Kinder und Jugendliche sind Investitionen in Wohlstand und Demokratie\u201c<\/a> finden Sie anbei und auf der <a href=\"https:\/\/www.eaf-bund.de\/sites\/default\/files\/2025-06\/250626_Appell_Ratschlag_Kinderarmut_Investitionen.pdf\">eaf-Homepage<\/a>.<\/p>\n\n\n\n<p><strong>Ansprechpartnerin: Sigrid Andersen, E-Mail: <\/strong><a href=\"mailto:Andersen@eaf-bund.de\"><strong>Andersen@eaf-bund.de<\/strong><\/a><strong><\/strong><\/p>\n\n\n\n<p><em>Die <strong>evangelische arbeitsgemeinschaft familie e. V. (eaf<\/strong>) ist der familienpolitische Dachverband in der Evangelischen Kirche in Deutschland (EKD).<\/em><\/p>\n\n\n\n<p><strong>Den Appell haben unterzeichnet:<\/strong><\/p>\n\n\n\n<ul class=\"wp-block-list\">\n<li>Arbeiter-Samariter-Bund Deutschland e. V.<\/li>\n\n\n\n<li>Arbeiterwohlfahrt Bundesverband e. V.<\/li>\n\n\n\n<li>Arbeiterwohlfahrt Region Hannover e. V.<\/li>\n\n\n\n<li>Arbeitsgemeinschaft der Spitzenverb\u00e4nde der Freien Wohlfahrtspflege NRW<\/li>\n\n\n\n<li>AWO Bezirksverband Hannover e. V.<\/li>\n\n\n\n<li>bke Bundeskonferenz f\u00fcr Erziehungsberatung e. V.<\/li>\n\n\n\n<li>Bundesarbeitsgemeinschaft Familienerholung e. V.<\/li>\n\n\n\n<li>Bundesarbeitsgemeinschaft Katholische Jugendsozialarbeit (BAG KJS) e. V.<\/li>\n\n\n\n<li>Bundesarbeitsgemeinschaft \u00f6rtlich regionaler Tr\u00e4ger der Jugendsozialarbeit e. V. (BAG \u00d6RT)<\/li>\n\n\n\n<li>Bundesarbeitsgemeinschaft Wohnungslosenhilfe e. V.<\/li>\n\n\n\n<li>Bundesjugendwerk der AWO e. V.<\/li>\n\n\n\n<li>Bundesverband der M\u00fctterzentren e. V.<\/li>\n\n\n\n<li>B\u00fcndnis f\u00fcr sexuelle Selbstbestimmung<\/li>\n\n\n\n<li>Der Kinderschutzbund Bundesverband e. V.<\/li>\n\n\n\n<li>Deutsche Gesellschaft f\u00fcr Systemische Therapie, Beratung und Familientherapie (DGSF e. V.)<\/li>\n\n\n\n<li>Deutscher Bundesjugendring e. V.<\/li>\n\n\n\n<li>Deutscher Caritasverband e. V.<\/li>\n\n\n\n<li>Deutscher Gewerkschaftsbund<\/li>\n\n\n\n<li>Deutsches Kinderhilfswerk e. V.<\/li>\n\n\n\n<li>Diakonie DeutschlandDiakonie Mitteldeutschland<\/li>\n\n\n\n<li>evangelische arbeitsgemeinschaft familie e. V.<\/li>\n\n\n\n<li>Evangelischer Bundesfachverband Existenzsicherung und Teilhabe e. V. (EBET) \u2013 Wohnungsnotfall- und Straff\u00e4lligenhilfe<\/li>\n\n\n\n<li>Familienbund der Katholiken (Bundesverband) e. V.<\/li>\n\n\n\n<li>FiscalFuture e. V.<\/li>\n\n\n\n<li>Gesundheit Berlin-Brandenburg e. V.<\/li>\n\n\n\n<li>Gewerkschaft Erziehung und Wissenschaft (GEW)Humanistischer Verband Deutschlands \u2013 Bundesverband e. V.<\/li>\n\n\n\n<li>Institut f\u00fcr Sozialarbeit und Sozialp\u00e4dagogik e. V.<\/li>\n<\/ul>\n\n\n\n<ul class=\"wp-block-list\">\n<li>Internationaler Bund (IB) Freier Tr\u00e4ger der Jugend-, Sozial- und Bildungsarbeit e. V.<\/li>\n\n\n\n<li>KINDERVEREINIGUNG e. V.<\/li>\n\n\n\n<li>Landesarbeitsgemeinschaft katholische Jugendsozialarbeit Hessen\/Rheinland-Pfalz\/Saarland<\/li>\n\n\n\n<li>Landesarmutskonferenz Rheinland-Pfalz<\/li>\n\n\n\n<li>Landesfamilienrat Baden-W\u00fcrttemberg<\/li>\n<\/ul>\n\n\n\n<ul class=\"wp-block-list\">\n<li>Landesvereinigung f\u00fcr Gesundheit und Akademie f\u00fcr Sozialmedizin Niedersachsen Bremen e. V. (LVG &amp; AFS Nds. HB e. V.)<\/li>\n\n\n\n<li>M\u00fctterforum Baden-W\u00fcrttemberg e. V.<\/li>\n\n\n\n<li>National Coalition Deutschland \u2013 Netzwerk zur Umsetzung der UN-Kinderrechtskonvention<\/li>\n\n\n\n<li>Progressiver Eltern- und Erzieher*innen-Verband NRW e. V. (PEV)<\/li>\n\n\n\n<li>Save the Children Deutschland e. V.<\/li>\n\n\n\n<li>Sozialforum Kaiserslautern<\/li>\n\n\n\n<li>Sozialverband Deutschland e. V. (SoVD)<\/li>\n\n\n\n<li>Sozialverband VdK Deutschland e. V.<\/li>\n\n\n\n<li>Tafel Deutschland e. V.<\/li>\n\n\n\n<li>Verband alleinerziehender M\u00fctter und V\u00e4ter, Bundesverband e. V.<\/li>\n\n\n\n<li>Verband binationaler Familien und Partnerschaften, iaf e. V.<\/li>\n\n\n\n<li>ver.di Erwerbslosenausschuss Baden-W\u00fcrttemberg\/Mittelbaden-Nordschwarzwald<\/li>\n\n\n\n<li>Volkssolidarit\u00e4t Bundesverband e. V.<\/li>\n\n\n\n<li>wellcome gGmbH<\/li>\n\n\n\n<li>Zukunftsforum Familie e. V.<\/li>\n<\/ul>\n\n\n\n<p><strong><u>Dar\u00fcber hinaus wird der Appell mitgetragen von:<\/u><\/strong><\/p>\n\n\n\n<ul class=\"wp-block-list\">\n<li>Dr. Maksim H\u00fcbenthal, Freie Universit\u00e4t Berlin<\/li>\n\n\n\n<li>Gerda Holz, Politikwissenschaftlerin und Sozialarbeiterin, Bochum<\/li>\n\n\n\n<li>Dr. Wolfgang Strengmann-Kuhn, Institut f\u00fcr Sozial\u00f6kologie (IS\u00d6)<\/li>\n<\/ul>\n","protected":false},"excerpt":{"rendered":"<p>eaf fordert mit Ratschlag Kinderarmut massive St\u00e4rkung der sozialen Infrastruktur f\u00fcr Kinder und Familien Pressemittelung vom 26.06.2025 Berlin. Der Ratschlag<\/p>\n","protected":false},"author":1,"featured_media":847,"comment_status":"closed","ping_status":"open","sticky":false,"template":"","format":"standard","meta":{"colormag_page_container_layout":"default_layout","colormag_page_sidebar_layout":"default_layout","footnotes":""},"categories":[6,51,5],"tags":[],"class_list":["post-842","post","type-post","status-publish","format-standard","has-post-thumbnail","hentry","category-eaf-bund","category-information","category-pressemitteilung"],"_links":{"self":[{"href":"https:\/\/eaf-pfalz.de\/index.php?rest_route=\/wp\/v2\/posts\/842","targetHints":{"allow":["GET"]}}],"collection":[{"href":"https:\/\/eaf-pfalz.de\/index.php?rest_route=\/wp\/v2\/posts"}],"about":[{"href":"https:\/\/eaf-pfalz.de\/index.php?rest_route=\/wp\/v2\/types\/post"}],"author":[{"embeddable":true,"href":"https:\/\/eaf-pfalz.de\/index.php?rest_route=\/wp\/v2\/users\/1"}],"replies":[{"embeddable":true,"href":"https:\/\/eaf-pfalz.de\/index.php?rest_route=%2Fwp%2Fv2%2Fcomments&post=842"}],"version-history":[{"count":5,"href":"https:\/\/eaf-pfalz.de\/index.php?rest_route=\/wp\/v2\/posts\/842\/revisions"}],"predecessor-version":[{"id":848,"href":"https:\/\/eaf-pfalz.de\/index.php?rest_route=\/wp\/v2\/posts\/842\/revisions\/848"}],"wp:featuredmedia":[{"embeddable":true,"href":"https:\/\/eaf-pfalz.de\/index.php?rest_route=\/wp\/v2\/media\/847"}],"wp:attachment":[{"href":"https:\/\/eaf-pfalz.de\/index.php?rest_route=%2Fwp%2Fv2%2Fmedia&parent=842"}],"wp:term":[{"taxonomy":"category","embeddable":true,"href":"https:\/\/eaf-pfalz.de\/index.php?rest_route=%2Fwp%2Fv2%2Fcategories&post=842"},{"taxonomy":"post_tag","embeddable":true,"href":"https:\/\/eaf-pfalz.de\/index.php?rest_route=%2Fwp%2Fv2%2Ftags&post=842"}],"curies":[{"name":"wp","href":"https:\/\/api.w.org\/{rel}","templated":true}]}}