{"id":871,"date":"2025-09-19T13:22:40","date_gmt":"2025-09-19T13:22:40","guid":{"rendered":"https:\/\/eaf-pfalz.de\/?p=871"},"modified":"2025-09-19T13:22:40","modified_gmt":"2025-09-19T13:22:40","slug":"lunchbag-sessions-mit-familien-fuer-familien","status":"publish","type":"post","link":"https:\/\/eaf-pfalz.de\/?p=871","title":{"rendered":"Lunchbag Sessions: Mit Familien f\u00fcr Familien"},"content":{"rendered":"\n<p>Vor zwei Jahren wurden die 10 Orientierungslinien \u201eMit Familien f\u00fcr Familien\u201c der Evangelischen Kirche und Diakonie ver\u00f6ffentlicht. Sie entstanden in einem langen, fachlich begleiteten Prozess. Daran m\u00f6chten wir nun ankn\u00fcpfen!<\/p>\n\n\n\n<p>Vom <strong>22.-26. September 2025<\/strong> werden wir in <strong>\u201eLunchbag Sessions\u201c<\/strong>, einer digitalen Veranstaltungsreihe zur Mittagspause <strong>von 12 bis 13 Uhr<\/strong>, die Orientierungslinien frisch auftischen und mit aktuellen Perspektiven (20 Minuten), praktischen Hinweisen (20 Minuten) und einem vernetzenden Austausch (20 Minuten) servieren. In den ersten 40 Minuten darf gerne gegessen werden!<\/p>\n\n\n\n<blockquote class=\"wp-block-quote is-layout-flow wp-block-quote-is-layout-flow\">\n<p><a href=\"https:\/\/efabi.net\/veranstaltung\/lunchbag\/\">WEITERE INFOS!<\/a><\/p>\n<\/blockquote>\n","protected":false},"excerpt":{"rendered":"<p>Vor zwei Jahren wurden die 10 Orientierungslinien \u201eMit Familien f\u00fcr Familien\u201c der Evangelischen Kirche und Diakonie ver\u00f6ffentlicht. Sie entstanden in<\/p>\n","protected":false},"author":1,"featured_media":872,"comment_status":"closed","ping_status":"open","sticky":false,"template":"","format":"standard","meta":{"colormag_page_container_layout":"default_layout","colormag_page_sidebar_layout":"default_layout","footnotes":""},"categories":[7,84,39],"tags":[],"class_list":["post-871","post","type-post","status-publish","format-standard","has-post-thumbnail","hentry","category-veranstaltung","category-webinar","category-workshop"],"_links":{"self":[{"href":"https:\/\/eaf-pfalz.de\/index.php?rest_route=\/wp\/v2\/posts\/871","targetHints":{"allow":["GET"]}}],"collection":[{"href":"https:\/\/eaf-pfalz.de\/index.php?rest_route=\/wp\/v2\/posts"}],"about":[{"href":"https:\/\/eaf-pfalz.de\/index.php?rest_route=\/wp\/v2\/types\/post"}],"author":[{"embeddable":true,"href":"https:\/\/eaf-pfalz.de\/index.php?rest_route=\/wp\/v2\/users\/1"}],"replies":[{"embeddable":true,"href":"https:\/\/eaf-pfalz.de\/index.php?rest_route=%2Fwp%2Fv2%2Fcomments&post=871"}],"version-history":[{"count":1,"href":"https:\/\/eaf-pfalz.de\/index.php?rest_route=\/wp\/v2\/posts\/871\/revisions"}],"predecessor-version":[{"id":873,"href":"https:\/\/eaf-pfalz.de\/index.php?rest_route=\/wp\/v2\/posts\/871\/revisions\/873"}],"wp:featuredmedia":[{"embeddable":true,"href":"https:\/\/eaf-pfalz.de\/index.php?rest_route=\/wp\/v2\/media\/872"}],"wp:attachment":[{"href":"https:\/\/eaf-pfalz.de\/index.php?rest_route=%2Fwp%2Fv2%2Fmedia&parent=871"}],"wp:term":[{"taxonomy":"category","embeddable":true,"href":"https:\/\/eaf-pfalz.de\/index.php?rest_route=%2Fwp%2Fv2%2Fcategories&post=871"},{"taxonomy":"post_tag","embeddable":true,"href":"https:\/\/eaf-pfalz.de\/index.php?rest_route=%2Fwp%2Fv2%2Ftags&post=871"}],"curies":[{"name":"wp","href":"https:\/\/api.w.org\/{rel}","templated":true}]}}