{"id":876,"date":"2025-11-05T17:52:06","date_gmt":"2025-11-05T17:52:06","guid":{"rendered":"https:\/\/eaf-pfalz.de\/?p=876"},"modified":"2025-11-05T17:52:06","modified_gmt":"2025-11-05T17:52:06","slug":"geplante-grundsicherung-droht-kinderarmut-zu-verschaerfen","status":"publish","type":"post","link":"https:\/\/eaf-pfalz.de\/?p=876","title":{"rendered":"Geplante Grundsicherung droht Kinderarmut zu versch\u00e4rfen"},"content":{"rendered":"\n<p><strong>eaf: Sanktionen f\u00fcr Eltern k\u00fcrzen faktisch auch Existenzminimum der Kinder<\/strong><\/p>\n\n\n\n<p><strong>Pressemitteilung vom 04.11.2025<\/strong><br><strong>Berlin.<\/strong> Die evangelische arbeitsgemeinschaft familie e. V. (eaf) warnt vor negativen Folgen der geplanten Regelungen zur Grundsicherung f\u00fcr Kinder, deren Familien derzeit B\u00fcrgergeld beziehen. Sie fordert Bundesregierung und Parlament dazu auf, die Bed\u00fcrfnisse von Kindern und ihren Familien im weiteren Gesetzgebungsverfahren st\u00e4rker in den Mittelpunkt zu stellen. Ziel muss es sein, die Lage von Kindern in armen Familien zu verbessern und nicht zu verschlechtern.<\/p>\n\n\n\n<p>\u201eDie Ergebnisse des Koalitionsausschusses von Anfang Oktober hatten uns in einem wichtigen Punkt sehr positiv gestimmt\u201c, erkl\u00e4rt Bundesgesch\u00e4ftsf\u00fchrerin Nicole Trieloff. \u201cDie darin vorgesehene Abschaffung der tempor\u00e4ren Bedarfsgemeinschaft und Einf\u00fchrung eines pauscha\u00adlierten Mehrbedarfs f\u00fcr umgangsberechtigte Elternteile entspricht langj\u00e4hrigen Forderungen der eaf \u2013 dies h\u00e4tte die Situation vieler Trennungskinder deutlich verbessert. Der Blick in den nun vorliegenden Referentenentwurf ist jedoch entt\u00e4uschend \u2013 beides fehlt komplett darin.\u201c<\/p>\n\n\n\n<p>Statt Verbesserungen drohen laut eaf neue Belastungen. \u201eWir bef\u00fcrchten, dass Kinder k\u00fcnftig unter den Folgen versch\u00e4rfter Sanktionsregelungen leiden. Wenn die Leistungen der Eltern gek\u00fcrzt werden, sinkt das Budget der gesamten Familie \u2013 und Kinder trifft das immer mit. Werden zus\u00e4tzlich die Kosten der Unterkunft gestrichen, droht im schlimmsten Fall Wohnungslosigkeit. Vers\u00e4umnisse der Eltern &#8211; verschuldet oder unverschuldet \u2013 sollten nicht zu Lasten der Kinder gehen.<\/p>\n\n\n\n<p>Kritisch bewertet die eaf zudem, dass Eltern k\u00fcnftig bereits ab dem ersten Geburtstag ihres Kindes verpflichtet werden k\u00f6nnen, eine Arbeit aufzunehmen oder an arbeitsmarktpolitischen Ma\u00dfnahmen teilzunehmen. \u201eEs ist gut, Eltern fr\u00fchzeitig zu beraten und sie beim Wiedereinstieg zu unterst\u00fctzen\u201c, betont die Bundesgesch\u00e4ftsf\u00fchrerin. \u201eDer Zeitpunkt sollte jedoch mit Blick auf das Wohl und die Entwicklung des Kindes gew\u00e4hlt werden \u2013 nicht allein nach arbeitsmarkt\u00adpolitischen Zielvorgaben.\u201c<\/p>\n\n\n\n<p>Ansprechpartnerin: <strong>Nicole Trieloff<\/strong>, E-Mail: <a href=\"mailto:trieloff@eaf-bund.de\">trieloff@eaf-bund.de<\/a><\/p>\n\n\n\n<p><em>Die <strong>evangelische arbeitsgemeinschaft familie e. V. (eaf<\/strong>) ist der familienpolitische Dachverband in der Evangelischen Kirche in Deutschland (EKD).<\/em><\/p>\n","protected":false},"excerpt":{"rendered":"<p>eaf: Sanktionen f\u00fcr Eltern k\u00fcrzen faktisch auch Existenzminimum der Kinder Pressemitteilung vom 04.11.2025Berlin. Die evangelische arbeitsgemeinschaft familie e. V. (eaf)<\/p>\n","protected":false},"author":1,"featured_media":878,"comment_status":"closed","ping_status":"open","sticky":false,"template":"","format":"standard","meta":{"colormag_page_container_layout":"default_layout","colormag_page_sidebar_layout":"default_layout","footnotes":""},"categories":[6,99,5],"tags":[],"class_list":["post-876","post","type-post","status-publish","format-standard","has-post-thumbnail","hentry","category-eaf-bund","category-familienpolitik","category-pressemitteilung"],"_links":{"self":[{"href":"https:\/\/eaf-pfalz.de\/index.php?rest_route=\/wp\/v2\/posts\/876","targetHints":{"allow":["GET"]}}],"collection":[{"href":"https:\/\/eaf-pfalz.de\/index.php?rest_route=\/wp\/v2\/posts"}],"about":[{"href":"https:\/\/eaf-pfalz.de\/index.php?rest_route=\/wp\/v2\/types\/post"}],"author":[{"embeddable":true,"href":"https:\/\/eaf-pfalz.de\/index.php?rest_route=\/wp\/v2\/users\/1"}],"replies":[{"embeddable":true,"href":"https:\/\/eaf-pfalz.de\/index.php?rest_route=%2Fwp%2Fv2%2Fcomments&post=876"}],"version-history":[{"count":2,"href":"https:\/\/eaf-pfalz.de\/index.php?rest_route=\/wp\/v2\/posts\/876\/revisions"}],"predecessor-version":[{"id":879,"href":"https:\/\/eaf-pfalz.de\/index.php?rest_route=\/wp\/v2\/posts\/876\/revisions\/879"}],"wp:featuredmedia":[{"embeddable":true,"href":"https:\/\/eaf-pfalz.de\/index.php?rest_route=\/wp\/v2\/media\/878"}],"wp:attachment":[{"href":"https:\/\/eaf-pfalz.de\/index.php?rest_route=%2Fwp%2Fv2%2Fmedia&parent=876"}],"wp:term":[{"taxonomy":"category","embeddable":true,"href":"https:\/\/eaf-pfalz.de\/index.php?rest_route=%2Fwp%2Fv2%2Fcategories&post=876"},{"taxonomy":"post_tag","embeddable":true,"href":"https:\/\/eaf-pfalz.de\/index.php?rest_route=%2Fwp%2Fv2%2Ftags&post=876"}],"curies":[{"name":"wp","href":"https:\/\/api.w.org\/{rel}","templated":true}]}}