{"id":93,"date":"2022-02-17T20:47:00","date_gmt":"2022-02-17T20:47:00","guid":{"rendered":"https:\/\/eaf-pfalz.de\/?p=93"},"modified":"2022-04-11T20:51:32","modified_gmt":"2022-04-11T20:51:32","slug":"vertrauen-nicht-weiter-verspielen","status":"publish","type":"post","link":"https:\/\/eaf-pfalz.de\/?p=93","title":{"rendered":"Vertrauen nicht weiter verspielen!"},"content":{"rendered":"\n<h5 class=\"wp-block-heading\">eaf bekr\u00e4ftigt Forderung nach Familiengipfel im Bundeskanzleramt<\/h5>\n\n\n\n<p><em><strong>Pressemitteilung der eaf vom 17. Februar 2022<\/strong><\/em><\/p>\n\n\n\n<p><strong>Berlin.<\/strong> Insbesondere M\u00fctter von Kindern unter 15 Jahren zeigten im Verlauf des Jahres 2020 einen deutlichen Vertrauensverlust in Politik und in staatliche Institutionen. Dies geht aus einer aktuellen Studie der Universit\u00e4t Bremen hervor. Ursachen sind die anhaltend hohen Be\u00adlastungen w\u00e4hrend der Pandemie und die von den Eltern oft als unzureichend empfundenen politischen Antworten. Da Familien gerade auch bei der Weitergabe von politischen Einstellungen und dem Erlernen von Demokratieverst\u00e4ndnis eine wichtige gesellschaftliche Funktion haben, verfolgt die evangelische arbeitsgemeinschaft familie (eaf) diese Entwicklung mit gro\u00dfer Sorge.<\/p>\n\n\n\n<p>&nbsp;\u201eViele Familien f\u00fchlen sich mit ihren Belangen nicht gesehen, weil sie die au\u00dfergew\u00f6hnlich gro\u00dfen Herausforderungen im Zusammenhang mit der Pandemie weitgehend allein schultern mussten und noch immer m\u00fcssen\u201c, stellt eaf-Pr\u00e4sident Dr. Martin Bujard fest. \u201eDiese Indi\u00advidualisierung der Verantwortung hat bereits am Ende des ersten Pandemiejahres zu einem signifikanten Vertrauensverlust gegen\u00fcber der Politik gef\u00fchrt. Hier sollte dringend gegenge\u00adsteuert werden: Wir brauchen endlich den lang geforderten Familiengipfel im Bundeskanzler\u00adamt, auf dem die Bedarfe und auch die Leistungen der Familien von hochrangigen politischen Entscheidungstr\u00e4gern gesehen und mit ihnen besprochen werden.\u201c<\/p>\n\n\n\n<p>Die BiB-Studie und die Copsy-Studie haben gezeigt, dass die psychischen Belastungen der Kinder und Jugendlichen erheblich zugenommen haben. Etwa eine halbe Million Jugendliche mehr als vor der Pandemie hatten eine depressive Symptomatik. Zudem reduzieren fast ein F\u00fcnftel der M\u00fctter mit j\u00fcngeren Kindern wegen Corona laut Erwerbspersonenbefragung der Hans-B\u00f6ckler-Stiftung auch im Januar 2022 noch ihre Arbeitszeit. Denn durch h\u00e4ufige Infektionen oder Quarant\u00e4ne von Kindern ist deren Betreuungsbedarf auch bei ge\u00f6ffneten Schulen und Kitas weiterhin hoch und schwer vorab planbar. Dies f\u00fchrt zur Verfestigung der traditionellen Rollen in den Familien.<\/p>\n\n\n\n<p>Die eaf fordert familienpolitische Konzepte, die \u00fcber das Ende der Pandemie hinaus er\u00adsch\u00f6pften Familien Erholung erm\u00f6glichen und sie bei der Bew\u00e4ltigung ihres Alltags unter\u00adst\u00fctzen: Neben einer Verl\u00e4ngerung des Programms \u201eCorona-Auszeit\u201c \u00fcber das Jahr 2022 hinaus ben\u00f6tigen Familien nicht nur genug Geld und gute Kinderbetreuung, sondern vor allem mehr Zeit f\u00fcreinander. \u201eGute zeitpolitische Instrumente sind daf\u00fcr unabdingbar\u201c, so Bujard. \u201eNur wenn die Familien viel st\u00e4rker in den Blick genommen werden als bisher und der politische Rahmen f\u00fcr echte Erleichterung im Alltag geschaffen wird, kann das Vertrauen der Eltern in staatliche Institutionen und Politik wieder wachsen.\u201c<\/p>\n\n\n\n<p>Ansprechpartnerin: Konstanze Hartmann-Boudol, E-Mail: <a href=\"mailto:Hartmann-Boudol@eaf-bund.de\">Hartmann-Boudol@eaf-bund.de<\/a><\/p>\n","protected":false},"excerpt":{"rendered":"<p>es Jahres 2020 einen deutlichen Vertrauensverlust in Politik und in staatliche Institutionen.<\/p>\n","protected":false},"author":1,"featured_media":98,"comment_status":"closed","ping_status":"open","sticky":false,"template":"","format":"standard","meta":{"colormag_page_container_layout":"default_layout","colormag_page_sidebar_layout":"default_layout","footnotes":""},"categories":[6,5],"tags":[],"class_list":["post-93","post","type-post","status-publish","format-standard","has-post-thumbnail","hentry","category-eaf-bund","category-pressemitteilung"],"_links":{"self":[{"href":"https:\/\/eaf-pfalz.de\/index.php?rest_route=\/wp\/v2\/posts\/93","targetHints":{"allow":["GET"]}}],"collection":[{"href":"https:\/\/eaf-pfalz.de\/index.php?rest_route=\/wp\/v2\/posts"}],"about":[{"href":"https:\/\/eaf-pfalz.de\/index.php?rest_route=\/wp\/v2\/types\/post"}],"author":[{"embeddable":true,"href":"https:\/\/eaf-pfalz.de\/index.php?rest_route=\/wp\/v2\/users\/1"}],"replies":[{"embeddable":true,"href":"https:\/\/eaf-pfalz.de\/index.php?rest_route=%2Fwp%2Fv2%2Fcomments&post=93"}],"version-history":[{"count":5,"href":"https:\/\/eaf-pfalz.de\/index.php?rest_route=\/wp\/v2\/posts\/93\/revisions"}],"predecessor-version":[{"id":99,"href":"https:\/\/eaf-pfalz.de\/index.php?rest_route=\/wp\/v2\/posts\/93\/revisions\/99"}],"wp:featuredmedia":[{"embeddable":true,"href":"https:\/\/eaf-pfalz.de\/index.php?rest_route=\/wp\/v2\/media\/98"}],"wp:attachment":[{"href":"https:\/\/eaf-pfalz.de\/index.php?rest_route=%2Fwp%2Fv2%2Fmedia&parent=93"}],"wp:term":[{"taxonomy":"category","embeddable":true,"href":"https:\/\/eaf-pfalz.de\/index.php?rest_route=%2Fwp%2Fv2%2Fcategories&post=93"},{"taxonomy":"post_tag","embeddable":true,"href":"https:\/\/eaf-pfalz.de\/index.php?rest_route=%2Fwp%2Fv2%2Ftags&post=93"}],"curies":[{"name":"wp","href":"https:\/\/api.w.org\/{rel}","templated":true}]}}